{"id":239,"date":"2018-08-04T11:25:07","date_gmt":"2018-08-04T11:25:07","guid":{"rendered":"https:\/\/www.inmomaspinell.com\/blog\/?p=239"},"modified":"2018-08-04T11:25:07","modified_gmt":"2018-08-04T11:25:07","slug":"activitats-a-la-costa-brava","status":"publish","type":"post","link":"https:\/\/www.inmomaspinell.com\/blog\/ca\/activitats-a-la-costa-brava\/","title":{"rendered":"Activitats a la Costa Brava"},"content":{"rendered":"<h1><strong>Senderisme<\/strong><\/h1>\n<p>Envolta&#8217;t de paisatges rurals i pobles medievals recorrent les nombroses rutes que hi ha a la zona, aptes per rec\u00f3rrer caminant. Hi ha nombroses rutes senyalitzades i classificades segons el grau de dificultat. Descobrir\u00e0s la comarca de llevant a ponent i de nord a sud a trav\u00e9s de les seves rutes entrecreuades. Passejar\u00e0s per cales apartades, boscos, nuclis urbans i petits i encantadors pobles. Descarr\u00e9ga-les aqu\u00ed:<br \/>\n<a href=\"https:\/\/visitemporda.com\/es\/turismo\/331\">Senderisme al Baix Empord\u00e0<\/a><\/p>\n<p><img decoding=\"async\" src=\"https:\/\/www.inmomaspinell.com\/blog\/wp-content\/uploads\/2018\/08\/senyalitzacio2.jpg\" alt=\"Se\u00f1al Bicis\" width=\"100%\" \/><\/p>\n<h1><strong>Cicloturisme<\/strong><\/h1>\n<p><strong>250 Km de rutes senyalitzades<\/strong> que enllacen camins i carreteres i et descobreixen aquesta bonica zona, des de la seva costa fins als pobles m\u00e9s rec\u00f2ndits a l&#8217;interior.<br \/>\n<a href=\"https:\/\/visitemporda.com\/es\/turismo\/332\">Descobreix el Baix Empord\u00e0 en bici<\/a><\/p>\n<p><img decoding=\"async\" src=\"https:\/\/www.inmomaspinell.com\/blog\/wp-content\/uploads\/2018\/08\/golf-de-pals.jpg\" alt=\"Golf Beach\" width=\"100%\" \/><\/p>\n<h1><strong>Golf i Pitch&amp;Putt<\/strong><\/h1>\n<p>Tant si ets expert com si et inicies en la pr\u00e0ctica del golf, pots gaudir del teu esport favorit en els millors camps de golf de la Costa Brava.<\/p>\n<p>S\u00f3n diversos els Tornejos i Campionats PGA Golf que se celebren al llarg de l&#8217;any al Golf de Pals, Empord\u00e0 Golf. S\u00f3n l&#8217;excusa perfecta per venir a descobrir o, si ja la coneixes, gaudir de la Costa Brava i l&#8217;Empord\u00e0.<\/p>\n<p><strong>Golf de Pals<\/strong><br \/>\n<a href=\"http:\/\/golfdepals.com\/\">golfdepals.com<\/a><\/p>\n<p><strong>Empord\u00e0 Golf<\/strong><br \/>\n<a href=\"http:\/\/www.empordagolf.com\/es\">empordagolf.com<\/a><\/p>\n<p>Una alternativa al golf, \u00e9s el Pitch&amp;Putt. Similar a golf, amb les seves regles pr\u00f2pies i dist\u00e0ncies m\u00e9s curtes. Est\u00e0s de sort, ja que pots practicar-ho al cor de la Costa Brava: <a href=\"http:\/\/gualta.com\/es\">gualta.com<\/a><\/p>\n<h1><strong>Segway y Paintball<\/strong><\/h1>\n<p>Fes alguna cosa diferent durant les teves vacances a la Costa Brava. Algunes de les activitats m\u00e9s divertides s\u00f3n les batalles de paintball o moure en segway. Tot \u00e9s possible a les rodalies de Pals. Pren nota d&#8217;aquestes adreces:<\/p>\n<p>Segway, mini karts, llits el\u00e0stics i m\u00e9s a Pals: <a href=\"http:\/\/www.livetour.cat\/\">livetour.cat<\/a><\/p>\n<p>Paintball molt complet a la zona: <a href=\"http:\/\/www.paintballemporda.com\/\">paintballemporda.com<\/a><\/p>\n<h1><strong>Viatge en Globus<\/strong><\/h1>\n<p>Viu una experi\u00e8ncia \u00fanica. Contempla des del cel l&#8217;abrupte litoral de la Costa Brava, els camps de cultiu de l&#8217;Empord\u00e0, muntanyes com el Montgr\u00ed o les Gavarres i els seus pobles hist\u00f2rics. Deixa que el vent et descobreixi els secrets m\u00e9s ben guardats de la Costa Brava i l&#8217;Empord\u00e0.<br \/>\nReserva la teva pla\u00e7a aqu\u00ed: <a href=\"https:\/\/www.globusemporda.com\/es\">globusemporda.com<\/a><\/p>\n<p><img decoding=\"async\" src=\"https:\/\/www.inmomaspinell.com\/blog\/wp-content\/uploads\/2018\/08\/rutas-en-caballo.jpeg\" alt=\"Rutas en caballo\" width=\"100%\" \/><\/p>\n<h1><strong>H\u00edpica i equitaci\u00f3<\/strong><\/h1>\n<p>Ets un apassionat dels cavalls? T&#8217;agradaria introduir-te en l&#8217;apassionant m\u00f3n dels cavalls? Al cor de l&#8217;Empord\u00e0 hi ha diversos centres eq\u00fcestres on podr\u00e0s gaudir de la companyia d&#8217;aquests fant\u00e0stics i fidels equins. Alguns d&#8217;ells:<\/p>\n<p><a href=\"http:\/\/www.hipicabegur.com\/\">hipicabegur.com<\/a> en Begur<br \/>\n<a href=\"http:\/\/hipicamaspaguina.com\/\">hipicamaspaguina.com<\/a> en l\u2019Estartit<\/p>\n<p>T&#8217;ha agradat aquest post? Vols fer totes aquestes coses per\u00f2 no tens on allotjar-te? Fes click al bot\u00f3 de sota!<\/p>\n<p style=\"text-align: center;\">\n    <a style=\"background-color: #00948f;\n    text-align: center;\n    -moz-border-radius: 3px;\n    -webkit-border-radius: 3px;\n    border-radius: 3px;\n    display: inline-block;\n    cursor: pointer;\n    color: #ffffff;\n    font-family: Helvetica;\n    font-size: 17px;\n    padding: 7px 7px;\n    text-decoration: none;\n    \" href=\"https:\/\/www.reservasmaspinell.com\/ca\/\">Reserva el teu allotjament amb nosaltres<\/a>\n<\/p>\n<p><img decoding=\"async\" class=\"alignnone size-full wp-image-235\" src=\"https:\/\/www.inmomaspinell.com\/blog\/wp-content\/uploads\/2018\/08\/jan-traid-375123-unsplash.jpg\" alt=\"Photo by Jan Traid\" width=\"100%\"\/><br \/>\n<a style=\"background-color: #00948f; color: white; text-decoration: none; padding: 4px 6px; font-family: -apple-system, BlinkMacSystemFont, 'San Francisco', 'Helvetica Neue', Helvetica, Ubuntu, Roboto, Noto, 'Segoe UI', Arial, sans-serif; font-size: 12px; font-weight: bold; line-height: 1.2; display: inline-block; border-radius: 3px;\" title=\"Download free do whatever you want high-resolution photos from Jan Traid\" href=\"https:\/\/unsplash.com\/@jantraid?utm_medium=referral&amp;utm_campaign=photographer-credit&amp;utm_content=creditBadge\" target=\"_blank\" rel=\"noopener noreferrer\"><span style=\"display: inline-block; padding: 2px 3px;\">Jan Traid<\/span><\/a><\/p>\n","protected":false},"excerpt":{"rendered":"<p>Senderisme Envolta&#8217;t de paisatges rurals i pobles medievals recorrent les nombroses rutes que hi ha a la zona, aptes per&#8230;<\/p>\n","protected":false},"author":2,"featured_media":235,"comment_status":"open","ping_status":"open","sticky":false,"template":"","format":"standard","meta":{"footnotes":""},"categories":[26],"tags":[],"class_list":["post-239","post","type-post","status-publish","format-standard","has-post-thumbnail","hentry","category-informacio-turistica-ca"],"_links":{"self":[{"href":"https:\/\/www.inmomaspinell.com\/blog\/ca\/wp-json\/wp\/v2\/posts\/239","targetHints":{"allow":["GET"]}}],"collection":[{"href":"https:\/\/www.inmomaspinell.com\/blog\/ca\/wp-json\/wp\/v2\/posts"}],"about":[{"href":"https:\/\/www.inmomaspinell.com\/blog\/ca\/wp-json\/wp\/v2\/types\/post"}],"author":[{"embeddable":true,"href":"https:\/\/www.inmomaspinell.com\/blog\/ca\/wp-json\/wp\/v2\/users\/2"}],"replies":[{"embeddable":true,"href":"https:\/\/www.inmomaspinell.com\/blog\/ca\/wp-json\/wp\/v2\/comments?post=239"}],"version-history":[{"count":3,"href":"https:\/\/www.inmomaspinell.com\/blog\/ca\/wp-json\/wp\/v2\/posts\/239\/revisions"}],"predecessor-version":[{"id":242,"href":"https:\/\/www.inmomaspinell.com\/blog\/ca\/wp-json\/wp\/v2\/posts\/239\/revisions\/242"}],"wp:featuredmedia":[{"embeddable":true,"href":"https:\/\/www.inmomaspinell.com\/blog\/ca\/wp-json\/wp\/v2\/media\/235"}],"wp:attachment":[{"href":"https:\/\/www.inmomaspinell.com\/blog\/ca\/wp-json\/wp\/v2\/media?parent=239"}],"wp:term":[{"taxonomy":"category","embeddable":true,"href":"https:\/\/www.inmomaspinell.com\/blog\/ca\/wp-json\/wp\/v2\/categories?post=239"},{"taxonomy":"post_tag","embeddable":true,"href":"https:\/\/www.inmomaspinell.com\/blog\/ca\/wp-json\/wp\/v2\/tags?post=239"}],"curies":[{"name":"wp","href":"https:\/\/api.w.org\/{rel}","templated":true}]}}