{"id":269,"date":"2018-08-11T09:29:07","date_gmt":"2018-08-11T09:29:07","guid":{"rendered":"https:\/\/www.inmomaspinell.com\/blog\/?p=269"},"modified":"2018-08-10T10:29:34","modified_gmt":"2018-08-10T10:29:34","slug":"fira-dindians-de-begur","status":"publish","type":"post","link":"https:\/\/www.inmomaspinell.com\/blog\/ca\/fira-dindians-de-begur\/","title":{"rendered":"Fira d&#8217;indians de Begur"},"content":{"rendered":"<p><span data-mce-type=\"bookmark\" style=\"display: inline-block; width: 0px; overflow: hidden; line-height: 0;\" class=\"mce_SELRES_start\">\ufeff<\/span>La Costa Brava \u00e9s un lloc m\u00e0gic durant tot l&#8217;any, per\u00f2, \u00e9s a l&#8217;estiu quan la majoria de les festes i festivals es duen a terme pel bon temps. Una de les m\u00e9s conegudes \u00e9s la Fira d&#8217;Indians de Begur.<\/p>\n<p>\n<img decoding=\"async\" src=\"https:\/\/www.inmomaspinell.com\/blog\/wp-content\/uploads\/2018\/08\/IMG_3709.jpg\" alt=\"fira indians\" width=\"100%\" class=\"alignnone size-full wp-image-255\" \/><br \/>\n<a style=\"background-color:#00948f;color:white;text-decoration:none;padding:4px 6px;font-family:-apple-system, BlinkMacSystemFont, &quot;San Francisco&quot;, &quot;Helvetica Neue&quot;, Helvetica, Ubuntu, Roboto, Noto, &quot;Segoe UI&quot;, Arial, sans-serif;font-size:12px;font-weight:bold;line-height:1.2;display:inline-block;border-radius:3px\" href=\"https:\/\/www.instagram.com\/ropra7645\/\" target=\"_blank\" rel=\"noopener noreferrer\" title=\"Download free do whatever you want high-resolution photos from Aitor Romero\"><span style=\"display:inline-block;padding:2px 3px\"><svg xmlns=\"http:\/\/www.w3.org\/2000\/svg\" style=\"height:12px;width:auto;position:relative;vertical-align:middle;top:-1px;fill:white\" viewBox=\"0 0 32 32\"><title>unsplash-logo<\/title><path d=\"M20.8 18.1c0 2.7-2.2 4.8-4.8 4.8s-4.8-2.1-4.8-4.8c0-2.7 2.2-4.8 4.8-4.8 2.7.1 4.8 2.2 4.8 4.8zm11.2-7.4v14.9c0 2.3-1.9 4.3-4.3 4.3h-23.4c-2.4 0-4.3-1.9-4.3-4.3v-15c0-2.3 1.9-4.3 4.3-4.3h3.7l.8-2.3c.4-1.1 1.7-2 2.9-2h8.6c1.2 0 2.5.9 2.9 2l.8 2.4h3.7c2.4 0 4.3 1.9 4.3 4.3zm-8.6 7.5c0-4.1-3.3-7.5-7.5-7.5-4.1 0-7.5 3.4-7.5 7.5s3.3 7.5 7.5 7.5c4.2-.1 7.5-3.4 7.5-7.5z\"><\/path><\/svg><\/span><span style=\"display:inline-block;padding:2px 3px\">Aitor Romero<\/span><\/a><br \/>\n<\/p>\n<p>La Fira d&#8217;Indians de Begur t\u00e9 el seu origen en la gran emigraci\u00f3 que hi va haver de la gent del poble cap a la illa de Cuba al segle XIX, a la recerca d&#8217;una millor vida, els anomenats &#8220;americans&#8221;.<\/p>\n<p><\/p>\n<p>Aquells que van tornar havent prosperat en els seus negocis, van tornar al poble i van edificar ostentoses cases que encara adornen els carrers del poble.<\/p>\n<p><\/p>\n<p>La intenci\u00f3 d&#8217;aquesta fira \u00e9s tornar al poble a aquest per\u00edode hist\u00f2ric, inundant els carrers de m\u00fasica, ball, tallers i mercats a l&#8217;aire lliure.<\/p>\n<p>\n<img decoding=\"async\" src=\"https:\/\/www.inmomaspinell.com\/blog\/wp-content\/uploads\/2018\/08\/IMG_3323.jpg\" alt=\"Indians\" width=\"100%\" class=\"alignnone size-full wp-image-253\" \/><br \/>\n<a style=\"background-color:#00948f;color:white;text-decoration:none;padding:4px 6px;font-family:-apple-system, BlinkMacSystemFont, &quot;San Francisco&quot;, &quot;Helvetica Neue&quot;, Helvetica, Ubuntu, Roboto, Noto, &quot;Segoe UI&quot;, Arial, sans-serif;font-size:12px;font-weight:bold;line-height:1.2;display:inline-block;border-radius:3px\" href=\"https:\/\/www.instagram.com\/ropra7645\/\" target=\"_blank\" rel=\"noopener noreferrer\" title=\"Download free do whatever you want high-resolution photos from Aitor Romero\"><span style=\"display:inline-block;padding:2px 3px\"><svg xmlns=\"http:\/\/www.w3.org\/2000\/svg\" style=\"height:12px;width:auto;position:relative;vertical-align:middle;top:-1px;fill:white\" viewBox=\"0 0 32 32\"><title>unsplash-logo<\/title><path d=\"M20.8 18.1c0 2.7-2.2 4.8-4.8 4.8s-4.8-2.1-4.8-4.8c0-2.7 2.2-4.8 4.8-4.8 2.7.1 4.8 2.2 4.8 4.8zm11.2-7.4v14.9c0 2.3-1.9 4.3-4.3 4.3h-23.4c-2.4 0-4.3-1.9-4.3-4.3v-15c0-2.3 1.9-4.3 4.3-4.3h3.7l.8-2.3c.4-1.1 1.7-2 2.9-2h8.6c1.2 0 2.5.9 2.9 2l.8 2.4h3.7c2.4 0 4.3 1.9 4.3 4.3zm-8.6 7.5c0-4.1-3.3-7.5-7.5-7.5-4.1 0-7.5 3.4-7.5 7.5s3.3 7.5 7.5 7.5c4.2-.1 7.5-3.4 7.5-7.5z\"><\/path><\/svg><\/span><span style=\"display:inline-block;padding:2px 3px\">Aitor Romero<\/span><\/a><br \/>\n<\/p>\n<p>Durant els dies que dura aquesta festa, es fan activitats per a tots en cada rac\u00f3 d&#8217;aquest bell poble, a m\u00e9s de tallers, activitats per als m\u00e9s petits i m\u00fasica en viu durant tot el dia.<\/p>\n<p><\/p>\n<p>Aix\u00f2 s\u00ed, aquest festival t\u00e9 una petita norma d&#8217;etiqueta, cal anar vestit de blanc; d&#8217;aquesta manera s&#8217;aconsegueix un efecte meravell\u00f3s.<\/p>\n<p>\n<img decoding=\"async\" src=\"https:\/\/www.inmomaspinell.com\/blog\/wp-content\/uploads\/2018\/08\/IMG_3357.jpg\" alt=\"indians\" width=\"100%\" class=\"alignnone size-full wp-image-254\" \/><br \/>\n<a style=\"background-color:#00948f;color:white;text-decoration:none;padding:4px 6px;font-family:-apple-system, BlinkMacSystemFont, &quot;San Francisco&quot;, &quot;Helvetica Neue&quot;, Helvetica, Ubuntu, Roboto, Noto, &quot;Segoe UI&quot;, Arial, sans-serif;font-size:12px;font-weight:bold;line-height:1.2;display:inline-block;border-radius:3px\" href=\"https:\/\/www.instagram.com\/ropra7645\/\" target=\"_blank\" rel=\"noopener noreferrer\" title=\"Download free do whatever you want high-resolution photos from Aitor Romero\"><span style=\"display:inline-block;padding:2px 3px\"><svg xmlns=\"http:\/\/www.w3.org\/2000\/svg\" style=\"height:12px;width:auto;position:relative;vertical-align:middle;top:-1px;fill:white\" viewBox=\"0 0 32 32\"><title>unsplash-logo<\/title><path d=\"M20.8 18.1c0 2.7-2.2 4.8-4.8 4.8s-4.8-2.1-4.8-4.8c0-2.7 2.2-4.8 4.8-4.8 2.7.1 4.8 2.2 4.8 4.8zm11.2-7.4v14.9c0 2.3-1.9 4.3-4.3 4.3h-23.4c-2.4 0-4.3-1.9-4.3-4.3v-15c0-2.3 1.9-4.3 4.3-4.3h3.7l.8-2.3c.4-1.1 1.7-2 2.9-2h8.6c1.2 0 2.5.9 2.9 2l.8 2.4h3.7c2.4 0 4.3 1.9 4.3 4.3zm-8.6 7.5c0-4.1-3.3-7.5-7.5-7.5-4.1 0-7.5 3.4-7.5 7.5s3.3 7.5 7.5 7.5c4.2-.1 7.5-3.4 7.5-7.5z\"><\/path><\/svg><\/span><span style=\"display:inline-block;padding:2px 3px\">Aitor Romero<\/span><\/a><br \/>\n<\/p>\n<p>Si vols gaudir d&#8217;aquest m\u00e0gic esdeveniment, pots entrar descarregar-te el programa d&#8217;activitats des del seg\u00fcent enlla\u00e7:<\/p>\n<p style=\"text-align: center;\">\n    <a style=\"background-color: #00948f;\n    text-align: center;\n    -moz-border-radius: 3px;\n    -webkit-border-radius: 3px;\n    border-radius: 3px;\n    display: inline-block;\n    cursor: pointer;\n    color: #ffffff;\n    font-family: Helvetica;\n    font-size: 17px;\n    padding: 7px 7px;\n    text-decoration: none;\n    \" href=\"http:\/\/visitbegur.cat\/wp-content\/uploads\/2017\/06\/Programa-Indians-2018.pdf\" target=\"_blank\">Descarga tu programa aqu\u00ed<\/a>\n<\/p>\n<p><\/p>\n<p>T&#8217;ha agradat aquest post? Vols fer totes aquestes coses per\u00f2 no tens on allotjar-te?<\/p>\n<p>Fes clic al bot\u00f3 de sota!<\/p>\n<p><\/p>\n<p style=\"text-align: center;\">\n    <a style=\"background-color: #00948f;\n    text-align: center;\n    -moz-border-radius: 3px;\n    -webkit-border-radius: 3px;\n    border-radius: 3px;\n    display: inline-block;\n    cursor: pointer;\n    color: #ffffff;\n    font-family: Helvetica;\n    font-size: 17px;\n    padding: 7px 7px;\n    text-decoration: none;\n    \" href=\"https:\/\/www.reservasmaspinell.com\/ca\/\">Reserva el teu allotjament amb nosaltres<\/a><\/p>\n","protected":false},"excerpt":{"rendered":"<p>\ufeffLa Costa Brava \u00e9s un lloc m\u00e0gic durant tot l&#8217;any, per\u00f2, \u00e9s a l&#8217;estiu quan la majoria de les festes&#8230;<\/p>\n","protected":false},"author":2,"featured_media":254,"comment_status":"open","ping_status":"open","sticky":false,"template":"","format":"standard","meta":{"footnotes":""},"categories":[14],"tags":[],"class_list":["post-269","post","type-post","status-publish","format-standard","has-post-thumbnail","hentry","category-agenda-ca"],"_links":{"self":[{"href":"https:\/\/www.inmomaspinell.com\/blog\/ca\/wp-json\/wp\/v2\/posts\/269","targetHints":{"allow":["GET"]}}],"collection":[{"href":"https:\/\/www.inmomaspinell.com\/blog\/ca\/wp-json\/wp\/v2\/posts"}],"about":[{"href":"https:\/\/www.inmomaspinell.com\/blog\/ca\/wp-json\/wp\/v2\/types\/post"}],"author":[{"embeddable":true,"href":"https:\/\/www.inmomaspinell.com\/blog\/ca\/wp-json\/wp\/v2\/users\/2"}],"replies":[{"embeddable":true,"href":"https:\/\/www.inmomaspinell.com\/blog\/ca\/wp-json\/wp\/v2\/comments?post=269"}],"version-history":[{"count":2,"href":"https:\/\/www.inmomaspinell.com\/blog\/ca\/wp-json\/wp\/v2\/posts\/269\/revisions"}],"predecessor-version":[{"id":271,"href":"https:\/\/www.inmomaspinell.com\/blog\/ca\/wp-json\/wp\/v2\/posts\/269\/revisions\/271"}],"wp:featuredmedia":[{"embeddable":true,"href":"https:\/\/www.inmomaspinell.com\/blog\/ca\/wp-json\/wp\/v2\/media\/254"}],"wp:attachment":[{"href":"https:\/\/www.inmomaspinell.com\/blog\/ca\/wp-json\/wp\/v2\/media?parent=269"}],"wp:term":[{"taxonomy":"category","embeddable":true,"href":"https:\/\/www.inmomaspinell.com\/blog\/ca\/wp-json\/wp\/v2\/categories?post=269"},{"taxonomy":"post_tag","embeddable":true,"href":"https:\/\/www.inmomaspinell.com\/blog\/ca\/wp-json\/wp\/v2\/tags?post=269"}],"curies":[{"name":"wp","href":"https:\/\/api.w.org\/{rel}","templated":true}]}}