{"id":301,"date":"2018-08-14T11:47:02","date_gmt":"2018-08-14T11:47:02","guid":{"rendered":"https:\/\/www.inmomaspinell.com\/blog\/?p=301"},"modified":"2018-08-16T09:03:10","modified_gmt":"2018-08-16T09:03:10","slug":"consells-per-a-les-teves-fotografies-de-vacances","status":"publish","type":"post","link":"https:\/\/www.inmomaspinell.com\/blog\/ca\/consells-per-a-les-teves-fotografies-de-vacances\/","title":{"rendered":"Consells per a les teves fotografies de vacances"},"content":{"rendered":"<p>Gr\u00e0cies a les meravelles de la tecnologia tots tenim algun mitj\u00e0 per fer fotografies estiguem on estiguem ja sigui amb un tel\u00e8fon m\u00f2bil o amb una r\u00e8flex.<br \/>\nPer aix\u00f2 avui us porto alguns consells per treure-li el m\u00e0xim partit a les vostres fotografies de vacances.<\/p>\n<h1><strong>Enquadrament<\/strong><\/h1>\n<p>\u00c9s igual la qualitat d&#8217;una imatge, si est\u00e0 ben feta, ser\u00e0 atractiva. El m\u00e9s important per a aix\u00f2 \u00e9s l&#8217;enquadrament.<\/p>\n<p>Per\u00f2, qu\u00e8 \u00e9s l&#8217;enquadrament? Molt f\u00e0cil, l&#8217;enquadrament \u00e9s la disposici\u00f3 dels elements en la teva foto. Cal trobar un equilibri entre tot el que apareix en ella, ja sigui un retrat o un paisatge.<\/p>\n<p>La clau per a aix\u00f2 est\u00e0 en la regla d&#8217;or de la composici\u00f3:<\/p>\n<h1><strong>La regla dels ter\u00e7os<\/strong><\/h1>\n<p>Segur que alguna vegada haur\u00e0s vist al teu m\u00f2bil o visor unes l\u00ednies que divideixen la pantalla, tal que aix\u00ed:<\/p>\n<p style=\"text-align: center;\">\n<img decoding=\"async\" src=\"https:\/\/www.inmomaspinell.com\/blog\/wp-content\/uploads\/2018\/08\/2_grande.jpg\" alt=\"Vacances Costa Brava fotografia regla ter\u00e7os allotjament enquadrament lloguer Vacances Costa Brava fotografia regla ter\u00e7os allotjament enquadrament lloguer Vacances Costa Brava fotografia regla ter\u00e7os allotjament enquadrament lloguer Vacances Costa Brava fotografia regla ter\u00e7os allotjament enquadrament lloguer\" width=\"50%\"\/>\n<\/p>\n<p>Aquestes l\u00ednies no hi s\u00f3n de casualitat, aquestes l\u00ednies marquen els punts de major pes visual. Aix\u00f2 significa que l&#8217;ull busca autom\u00e0ticament aquests punts, fent que una imatge que obeeix aquesta regla sigui molt m\u00e9s bonica.<\/p>\n<p>Aqu\u00ed un exemple:<\/p>\n<p><img decoding=\"async\" src=\"https:\/\/www.inmomaspinell.com\/blog\/wp-content\/uploads\/2018\/08\/Sin-t\u00edtulo-e1534240184426.png\" alt=\"Vacances Costa Brava fotografia regla ter\u00e7os allotjament enquadrament lloguer Vacances Costa Brava fotografia regla ter\u00e7os allotjament enquadrament lloguer Vacances Costa Brava fotografia regla ter\u00e7os allotjament enquadrament lloguer Vacances Costa Brava fotografia regla ter\u00e7os allotjament enquadrament lloguer\" width=\"100%\"\/><br \/>\n<a style=\"background-color:#00948f;color:white;text-decoration:none;padding:4px 6px;font-family:-apple-system, BlinkMacSystemFont, &quot;San Francisco&quot;, &quot;Helvetica Neue&quot;, Helvetica, Ubuntu, Roboto, Noto, &quot;Segoe UI&quot;, Arial, sans-serif;font-size:12px;font-weight:bold;line-height:1.2;display:inline-block;border-radius:3px\" href=\"https:\/\/instagram.com\/ropra7645\" target=\"_blank\" rel=\"noopener noreferrer\" title=\"Download free do whatever you want high-resolution photos from Aitor Romero\"><span style=\"display:inline-block;padding:2px 3px\"><svg xmlns=\"http:\/\/www.w3.org\/2000\/svg\" style=\"height:12px;width:auto;position:relative;vertical-align:middle;top:-1px;fill:white\" viewBox=\"0 0 32 32\"><title>unsplash-logo<\/title><path d=\"M20.8 18.1c0 2.7-2.2 4.8-4.8 4.8s-4.8-2.1-4.8-4.8c0-2.7 2.2-4.8 4.8-4.8 2.7.1 4.8 2.2 4.8 4.8zm11.2-7.4v14.9c0 2.3-1.9 4.3-4.3 4.3h-23.4c-2.4 0-4.3-1.9-4.3-4.3v-15c0-2.3 1.9-4.3 4.3-4.3h3.7l.8-2.3c.4-1.1 1.7-2 2.9-2h8.6c1.2 0 2.5.9 2.9 2l.8 2.4h3.7c2.4 0 4.3 1.9 4.3 4.3zm-8.6 7.5c0-4.1-3.3-7.5-7.5-7.5-4.1 0-7.5 3.4-7.5 7.5s3.3 7.5 7.5 7.5c4.2-.1 7.5-3.4 7.5-7.5z\"><\/path><\/svg><\/span><span style=\"display:inline-block;padding:2px 3px\">Aitor Romero<\/span><\/a><\/p>\n<p>Aquesta imatge no nom\u00e9s fa servir la cantonada inferior dreta per marcar la roca, sin\u00f3 que usa tota la l\u00ednia inferior per separar el mar de la costa per fer aquest paisatge molt m\u00e9s atractiu.<\/p>\n<p>Aqu\u00ed un altre exemple:<\/p>\n<p><img decoding=\"async\" src=\"https:\/\/www.inmomaspinell.com\/blog\/wp-content\/uploads\/2018\/08\/Sin-t\u00edtulo-1.png\" alt=\"Vacances Costa Brava fotografia regla ter\u00e7os allotjament enquadrament lloguer Vacances Costa Brava fotografia regla ter\u00e7os allotjament enquadrament lloguer Vacances Costa Brava fotografia regla ter\u00e7os allotjament enquadrament lloguer Vacances Costa Brava fotografia regla ter\u00e7os allotjament enquadrament lloguer\" width=\"100%\"\/><br \/>\n<a style=\"background-color:#00948f;color:white;text-decoration:none;padding:4px 6px;font-family:-apple-system, BlinkMacSystemFont, &quot;San Francisco&quot;, &quot;Helvetica Neue&quot;, Helvetica, Ubuntu, Roboto, Noto, &quot;Segoe UI&quot;, Arial, sans-serif;font-size:12px;font-weight:bold;line-height:1.2;display:inline-block;border-radius:3px\" href=\"https:\/\/instagram.com\/ropra7645\" target=\"_blank\" rel=\"noopener noreferrer\" title=\"Download free do whatever you want high-resolution photos from Aitor Romero\"><span style=\"display:inline-block;padding:2px 3px\"><svg xmlns=\"http:\/\/www.w3.org\/2000\/svg\" style=\"height:12px;width:auto;position:relative;vertical-align:middle;top:-1px;fill:white\" viewBox=\"0 0 32 32\"><title>unsplash-logo<\/title><path d=\"M20.8 18.1c0 2.7-2.2 4.8-4.8 4.8s-4.8-2.1-4.8-4.8c0-2.7 2.2-4.8 4.8-4.8 2.7.1 4.8 2.2 4.8 4.8zm11.2-7.4v14.9c0 2.3-1.9 4.3-4.3 4.3h-23.4c-2.4 0-4.3-1.9-4.3-4.3v-15c0-2.3 1.9-4.3 4.3-4.3h3.7l.8-2.3c.4-1.1 1.7-2 2.9-2h8.6c1.2 0 2.5.9 2.9 2l.8 2.4h3.7c2.4 0 4.3 1.9 4.3 4.3zm-8.6 7.5c0-4.1-3.3-7.5-7.5-7.5-4.1 0-7.5 3.4-7.5 7.5s3.3 7.5 7.5 7.5c4.2-.1 7.5-3.4 7.5-7.5z\"><\/path><\/svg><\/span><span style=\"display:inline-block;padding:2px 3px\">Aitor Romero<\/span><\/a><\/p>\n<p>Amb aquesta senzilla regla, les teves fotografies de vacances seran molt m\u00e9s atractives.<\/p>\n<h1><strong>Extra Tip<\/strong><\/h1>\n<p>Per a aquells que prefereixin una millor qualitat i facin servir una c\u00e0mera r\u00e8flex, no la feu servir MAI en autom\u00e0tic complet. Hi ha un mode igual de senzill i que funciona molt millor: <strong>el P Mode<\/strong>.<\/p>\n<p style=\"text-align: center;\">\n<img decoding=\"async\" src=\"https:\/\/www.inmomaspinell.com\/blog\/wp-content\/uploads\/2018\/08\/nikon-d80-dial-pmode.png\" alt=\"Vacances Costa Brava fotografia regla ter\u00e7os allotjament enquadrament lloguer Vacances Costa Brava fotografia regla ter\u00e7os allotjament enquadrament lloguer Vacances Costa Brava fotografia regla ter\u00e7os allotjament enquadrament lloguer Vacances Costa Brava fotografia regla ter\u00e7os allotjament enquadrament lloguer\" width=\"50%\"\/>\n<\/p>\n<p>Si est\u00e0s cansat que la teva nova c\u00e0mera et faci fotos amb flaix a plena llum del dia o no enfocament com deu, fa servir aquesta manera en les teves fotografies de vacances.<\/p>\n<p>Amb aix\u00f2 estalviar\u00e0s temps i podr\u00e0s gaudir m\u00e9s del teu viatge i de les boniques platges de la Costa Brava.<\/p>\n<p>T&#8217;ha agradat aquest post? Vols treure les millors fotografies de la Costa Brava durant les vacances, per\u00f2 no tens on allotjar?<\/p>\n<p>Nosaltres t&#8217;ajudem! Simplement fes clic al bot\u00f3 de baix i organitza les teves vacances ideals amb nosaltres:<\/p>\n<p style=\"text-align: center;\">\n    <a style=\"background-color: #00948f;\n    text-align: center;\n    -moz-border-radius: 3px;\n    -webkit-border-radius: 3px;\n    border-radius: 3px;\n    display: inline-block;\n    cursor: pointer;\n    color: #ffffff;\n    font-family: Helvetica;\n    font-size: 17px;\n    padding: 7px 7px;\n    text-decoration: none;\n    \" href=\"https:\/\/www.reservasmaspinell.com\/cat\/\">Reserva el teu allotjament amb nosaltres<\/a><\/p>\n","protected":false},"excerpt":{"rendered":"<p>Gr\u00e0cies a les meravelles de la tecnologia tots tenim algun mitj\u00e0 per fer fotografies estiguem on estiguem ja sigui amb&#8230;<\/p>\n","protected":false},"author":2,"featured_media":313,"comment_status":"open","ping_status":"open","sticky":false,"template":"","format":"standard","meta":{"footnotes":""},"categories":[26],"tags":[],"class_list":["post-301","post","type-post","status-publish","format-standard","has-post-thumbnail","hentry","category-informacio-turistica-ca"],"_links":{"self":[{"href":"https:\/\/www.inmomaspinell.com\/blog\/ca\/wp-json\/wp\/v2\/posts\/301","targetHints":{"allow":["GET"]}}],"collection":[{"href":"https:\/\/www.inmomaspinell.com\/blog\/ca\/wp-json\/wp\/v2\/posts"}],"about":[{"href":"https:\/\/www.inmomaspinell.com\/blog\/ca\/wp-json\/wp\/v2\/types\/post"}],"author":[{"embeddable":true,"href":"https:\/\/www.inmomaspinell.com\/blog\/ca\/wp-json\/wp\/v2\/users\/2"}],"replies":[{"embeddable":true,"href":"https:\/\/www.inmomaspinell.com\/blog\/ca\/wp-json\/wp\/v2\/comments?post=301"}],"version-history":[{"count":3,"href":"https:\/\/www.inmomaspinell.com\/blog\/ca\/wp-json\/wp\/v2\/posts\/301\/revisions"}],"predecessor-version":[{"id":320,"href":"https:\/\/www.inmomaspinell.com\/blog\/ca\/wp-json\/wp\/v2\/posts\/301\/revisions\/320"}],"wp:featuredmedia":[{"embeddable":true,"href":"https:\/\/www.inmomaspinell.com\/blog\/ca\/wp-json\/wp\/v2\/media\/313"}],"wp:attachment":[{"href":"https:\/\/www.inmomaspinell.com\/blog\/ca\/wp-json\/wp\/v2\/media?parent=301"}],"wp:term":[{"taxonomy":"category","embeddable":true,"href":"https:\/\/www.inmomaspinell.com\/blog\/ca\/wp-json\/wp\/v2\/categories?post=301"},{"taxonomy":"post_tag","embeddable":true,"href":"https:\/\/www.inmomaspinell.com\/blog\/ca\/wp-json\/wp\/v2\/tags?post=301"}],"curies":[{"name":"wp","href":"https:\/\/api.w.org\/{rel}","templated":true}]}}