{"id":69,"date":"2018-03-26T12:11:32","date_gmt":"2018-03-26T12:11:32","guid":{"rendered":"http:\/\/www.inmomaspinell.com\/blog\/oferta-cultural\/"},"modified":"2018-07-30T08:21:05","modified_gmt":"2018-07-30T08:21:05","slug":"oferta-cultural","status":"publish","type":"post","link":"https:\/\/www.inmomaspinell.com\/blog\/ca\/oferta-cultural\/","title":{"rendered":"La cultura"},"content":{"rendered":"<h1>Oferta cultural de la Costa Brava<\/h1>\n<p><span id=\"result_box\" class=\"\" lang=\"ca\" tabindex=\"-1\">Sens dubte, la Costa Brava \u00e9s un dels destins tur\u00edstics espanyols m\u00e9s populars, entre altres coses per la seva oferta cultural divers. La Costa Brava &amp; Girona tenen les seves visites imprescindibles. En aquesta p\u00e0gina intentarem reunir algunes de les m\u00e9s importants, per\u00f2 hi ha moltes m\u00e9s.<\/span><\/p>\n<p>La proximitat de Barcelona \u00e9s excusa per a una visita a la ciutat comtal. Agradar\u00e0 a tota la fam\u00edlia. Visites t\u00edpiques a Barcelona: el Camp Nou, Casa Mil\u00e0 o el parc G\u00fcell de Gaud\u00ed, la Sagrada Fam\u00edlia \u2026 hi ha tant per veure!<br \/>\nInformaci\u00f3 sobre el City Tour Barcelona: <a class=\"moz-txt-link-freetext\" href=\"http:\/\/www.barcelonacitytour.cat\/\" target=\"_blank\" rel=\"noopener\"> http:\/\/www.barcelonacitytour.cat<\/a><\/p>\n<h2 class=\"wpb_heading wpb_gallery_heading\">Les visites culturals que no et pots perdre<\/h2>\n<p><img loading=\"lazy\" decoding=\"async\" class=\"alignnone wp-image-36 size-full\" src=\"http:\/\/www.inmomaspinell.com\/blog\/wp-content\/uploads\/2018\/03\/dali_figueres.jpg\" alt=\"oferta cultural: Salvador Dal\u00ed museo en Figueres\" width=\"1060\" height=\"600\" srcset=\"https:\/\/www.inmomaspinell.com\/blog\/wp-content\/uploads\/2018\/03\/dali_figueres.jpg 1060w, https:\/\/www.inmomaspinell.com\/blog\/wp-content\/uploads\/2018\/03\/dali_figueres-768x435.jpg 768w\" sizes=\"auto, (max-width: 1060px) 100vw, 1060px\" \/><\/p>\n<div class=\"vc_row wpb_row vc_row-fluid\">\n<div class=\"wpb_column vc_column_container vc_col-sm-12\">\n<div class=\"vc_column-inner \">\n<div class=\"wpb_wrapper\">\n<div class=\"wpb_text_column wpb_content_element vc_custom_1502376050364\">\n<div class=\"wpb_wrapper\">\n<h2>Museus<\/h2>\n<\/div>\n<\/div>\n<\/div>\n<\/div>\n<\/div>\n<\/div>\n<div class=\"vc_row wpb_row vc_row-fluid\">\n<div class=\"wpb_column vc_column_container vc_col-sm-12\">\n<div class=\"vc_column-inner \">\n<div class=\"wpb_wrapper\">\n<div class=\"wpb_text_column wpb_content_element vc_custom_1502716844365\">\n<div class=\"wpb_wrapper\">\n<p>La riquesa cultural de la <strong> Costa Brava <\/strong>i<strong> Girona <\/strong> han donat lloc a interessants museus de totes les \u00e8poques i estils: des dels primers <strong> poblats ibers <\/strong>, temps <strong> greco-romans <\/strong> i fins als nostres temps.<\/p>\n<p>Si ets un apassionat de l\u2019obra de <strong> Dal\u00ed <\/strong>, no t\u2019has de perdre el triangle Dalini\u00e0, format pel <strong> Museu-Teatre <\/strong> de Figueres, l\u2019<strong> castell de P\u00fabol i el seu casa a Portlligat . Una visita al museu-teatre de Dal\u00ed agradar\u00e0 a nens i adults.<\/strong><\/p>\n<\/div>\n<\/div>\n<\/div>\n<\/div>\n<\/div>\n<\/div>\n<p><a href=\"http:\/\/www.dali-estate.org\" target=\"_blank\" rel=\"noopener\">Castillo de Gala Dal\u00ed<\/a><\/p>\n<p>17120 La Pera (P\u00fabol)<br \/>\nTel: (+34) 972 488 655<br \/>\n<a title=\"pbgrups@dali-estate.org\" href=\"mailto:pbgrups@dali-estate.org\">pbgrups@dali-estate.org<\/a><\/p>\n<p><img loading=\"lazy\" decoding=\"async\" class=\"alignnone wp-image-37 size-thumbnail\" src=\"http:\/\/www.inmomaspinell.com\/blog\/wp-content\/uploads\/2018\/03\/dali_figueres2-150x150.jpg\" alt=\"\" width=\"150\" height=\"150\" srcset=\"https:\/\/www.inmomaspinell.com\/blog\/wp-content\/uploads\/2018\/03\/dali_figueres2-150x150.jpg 150w, https:\/\/www.inmomaspinell.com\/blog\/wp-content\/uploads\/2018\/03\/dali_figueres2-64x64.jpg 64w\" sizes=\"auto, (max-width: 150px) 100vw, 150px\" \/><\/p>\n<p><a href=\"http:\/\/www.salvador-dali.org\" target=\"_blank\" rel=\"noopener\">Dal\u00ed Teatro-Museo<\/a><br \/>\nPl. Gala-Salvador Dal\u00ed, 5<br \/>\n17600 Figueres<br \/>\nTel: (+34) 972 677 500<br \/>\n<a title=\"t-mgrups@dali-estate.org\" href=\"mailto:t-mgrups@dali-estate.org\">t-mgrups@dali-estate.org<\/a><\/p>\n<p><a href=\"http:\/\/www.dali-estate.org\" target=\"_blank\" rel=\"noopener\">Casa de Salvador Dal\u00ed <\/a><br \/>\nPortlligat<br \/>\n17488 Cadaqu\u00e9s<br \/>\nTel: (+34) 972 251 015<br \/>\n<a title=\"pllgrups@dali-estate.org\" href=\"mailto:pllgrups@dali-estate.org\">pllgrups@dali-estate.org<\/a><\/p>\n<p>Girona, ciutat emocionant! Visita la seva <strong> catedral <\/strong>, el casc antic, el <strong> pont Eiffel <\/strong> \u2026 i acaba amb una visita al <strong> museu del cinema<\/strong>.<\/p>\n<p><img loading=\"lazy\" decoding=\"async\" class=\"alignnone wp-image-39 size-thumbnail\" src=\"http:\/\/www.inmomaspinell.com\/blog\/wp-content\/uploads\/2018\/03\/museocinegirona-150x150.jpg\" alt=\"Oferta cultural: Museo del cine en Girona\" width=\"150\" height=\"150\" srcset=\"https:\/\/www.inmomaspinell.com\/blog\/wp-content\/uploads\/2018\/03\/museocinegirona-150x150.jpg 150w, https:\/\/www.inmomaspinell.com\/blog\/wp-content\/uploads\/2018\/03\/museocinegirona-242x240.jpg 242w, https:\/\/www.inmomaspinell.com\/blog\/wp-content\/uploads\/2018\/03\/museocinegirona-64x64.jpg 64w\" sizes=\"auto, (max-width: 150px) 100vw, 150px\" \/><\/p>\n<p><a href=\"http:\/\/www.mjc.cat\/es\/#idioma\">Museo del juguete de Catalunya<\/a><br \/>\nC\/ Sant Pere, 1<br \/>\n17600 Figueres<br \/>\nTel: (+34) 972 504 585<br \/>\n<a title=\"info@mjc.cat\" href=\"mailto:info@mjc.cat\">info@mjc.cat<\/a><\/p>\n<p><a href=\"https:\/\/www.museudelamediterrania.cat\/museu-de-la-mediterrania\/can-quintana.html\">Museo del Mediterr\u00e1neo<\/a><\/p>\n<div class=\"adreca\">Ull\u00e0, 31<\/div>\n<div class=\"poblacio\">Torroella de Montgr\u00ed<\/div>\n<div class=\"tel\">972 755 180<\/div>\n<div class=\"mail\">\n<p><a href=\"mailto:info@museudelamediterrania.cat\">info@museudelamediterrania.cat<\/a><\/p>\n<div class=\"vc_row wpb_row vc_row-fluid\">\n<div class=\"wpb_column vc_column_container vc_col-sm-12\">\n<div class=\"vc_column-inner \">\n<div class=\"wpb_wrapper\">\n<div class=\"wpb_text_column wpb_content_element vc_custom_1502376032154\">\n<div class=\"wpb_wrapper\">\n<h2>Patrimoni cultural i Monuments<\/h2>\n<\/div>\n<\/div>\n<\/div>\n<\/div>\n<\/div>\n<\/div>\n<div class=\"vc_row wpb_row vc_row-fluid\">\n<div class=\"wpb_column vc_column_container vc_col-sm-12\">\n<div class=\"vc_column-inner \">\n<div class=\"wpb_wrapper\">\n<div class=\"wpb_text_column wpb_content_element vc_custom_1502548673974\">\n<div class=\"wpb_wrapper\">\n<p>Despr\u00e9s de la llarga hist\u00f2ria d\u2019aquesta zona, s\u00f3n molts els vestigis hist\u00f2rics que mereixen ser nomenats com visites imprescindibles a la Costa Brava. Us deixem la nostra selecci\u00f3:<\/p>\n<\/div>\n<\/div>\n<\/div>\n<\/div>\n<\/div>\n<\/div>\n<p><img loading=\"lazy\" decoding=\"async\" class=\"alignnone wp-image-42 size-thumbnail\" src=\"http:\/\/www.inmomaspinell.com\/blog\/wp-content\/uploads\/2018\/03\/montgri-castle-150x150.jpeg\" alt=\"Castillo de Montgr\u00ed\" width=\"150\" height=\"150\" srcset=\"https:\/\/www.inmomaspinell.com\/blog\/wp-content\/uploads\/2018\/03\/montgri-castle-150x150.jpeg 150w, https:\/\/www.inmomaspinell.com\/blog\/wp-content\/uploads\/2018\/03\/montgri-castle-64x64.jpeg 64w\" sizes=\"auto, (max-width: 150px) 100vw, 150px\" \/><\/p>\n<p>El <strong> castell del Montgr\u00ed <\/strong> mai es va acabar, per\u00f2 les <strong> vistes panor\u00e0miques <\/strong> al <strong> empord\u00e0 <\/strong>, mentre et poses en forma, b\u00e9 mereixen una visita.<\/p>\n<p><img loading=\"lazy\" decoding=\"async\" class=\"alignnone wp-image-41 size-thumbnail\" src=\"http:\/\/www.inmomaspinell.com\/blog\/wp-content\/uploads\/2018\/03\/castillo-sant-ferran-figueres-150x150.jpeg\" alt=\"Castillo de Sant Ferran Figueres\" width=\"150\" height=\"150\" srcset=\"https:\/\/www.inmomaspinell.com\/blog\/wp-content\/uploads\/2018\/03\/castillo-sant-ferran-figueres-150x150.jpeg 150w, https:\/\/www.inmomaspinell.com\/blog\/wp-content\/uploads\/2018\/03\/castillo-sant-ferran-figueres-64x64.jpeg 64w\" sizes=\"auto, (max-width: 150px) 100vw, 150px\" \/><\/p>\n<p><a href=\"http:\/\/www.lesfortalesescatalanes.info\" target=\"_blank\" rel=\"noopener\">Castillo de Sant Ferran <\/a><br \/>\nPujada del Castell, s\/n<br \/>\n17600 Figueres<br \/>\nTel: (+34) 972 506 094<br \/>\n<a title=\"fun@lesfortalesescatalanes.info\" href=\"mailto:fun@lesfortalesescatalanes.info\">fun@lesfortalesescatalanes.in\u2026 <\/a><\/p>\n<p><img loading=\"lazy\" decoding=\"async\" class=\"alignnone wp-image-43 size-thumbnail\" src=\"http:\/\/www.inmomaspinell.com\/blog\/wp-content\/uploads\/2018\/03\/pueblo_iberico_ullastret-150x150.jpeg\" alt=\"\" width=\"150\" height=\"150\" srcset=\"https:\/\/www.inmomaspinell.com\/blog\/wp-content\/uploads\/2018\/03\/pueblo_iberico_ullastret-150x150.jpeg 150w, https:\/\/www.inmomaspinell.com\/blog\/wp-content\/uploads\/2018\/03\/pueblo_iberico_ullastret-64x64.jpeg 64w\" sizes=\"auto, (max-width: 150px) 100vw, 150px\" \/><\/p>\n<p>El major poblat iber a Catalunya. S. VI a. C. Es conserva gran part de la muralla, restes d\u2019habitatges, cisternes, sitges, temples \u2026<\/p>\n<p><img loading=\"lazy\" decoding=\"async\" class=\"alignnone size-thumbnail wp-image-40\" src=\"http:\/\/www.inmomaspinell.com\/blog\/wp-content\/uploads\/2018\/03\/besalu-1-150x150.jpg\" alt=\"\" width=\"150\" height=\"150\" srcset=\"https:\/\/www.inmomaspinell.com\/blog\/wp-content\/uploads\/2018\/03\/besalu-1-150x150.jpg 150w, https:\/\/www.inmomaspinell.com\/blog\/wp-content\/uploads\/2018\/03\/besalu-1-64x64.jpg 64w\" sizes=\"auto, (max-width: 150px) 100vw, 150px\" \/><\/p>\n<p>Una visita a <strong> Besal\u00fa <\/strong> et transportar\u00e0 a l\u2019edat medieval. A finals d\u2019agost, la <strong> Fira Medieval <\/strong>, recrea mercats de l\u2019\u00e8poca.<\/p>\n<p><span id=\"result_box\" class=\"\" lang=\"ca\" tabindex=\"-1\">T&#8217;han entrat ganes de visitar la Costa Brava? Entra aqu\u00ed per reservar la teva casa o apartament favorit:<\/span><\/p>\n<p><a href=\"http:\/\/www.reservasmaspinell.com\">www.reservasmaspinell.com<\/a><\/p>\n<p><span id=\"result_box\" class=\"\" lang=\"ca\" tabindex=\"-1\">I si vols <span class=\"\">saber m\u00e9s de la<\/span> Costa Brava, potser t&#8217;interessa d&#8217;aquestes p\u00e0gines:<\/span><\/p>\n<ul>\n<li><a href=\"http:\/\/www.inmomaspinell.com\/blog\/ca\/els-platjes-de-la-costa-brava\/\">Els platjes de la Costa Brava<\/a><\/li>\n<\/ul>\n<\/div>\n","protected":false},"excerpt":{"rendered":"<p>Oferta cultural de la Costa Brava Sens dubte, la Costa Brava \u00e9s un dels destins tur\u00edstics espanyols m\u00e9s populars, entre&#8230;<\/p>\n","protected":false},"author":2,"featured_media":36,"comment_status":"open","ping_status":"open","sticky":false,"template":"","format":"standard","meta":{"footnotes":""},"categories":[26],"tags":[],"class_list":["post-69","post","type-post","status-publish","format-standard","has-post-thumbnail","hentry","category-informacio-turistica-ca"],"_links":{"self":[{"href":"https:\/\/www.inmomaspinell.com\/blog\/ca\/wp-json\/wp\/v2\/posts\/69","targetHints":{"allow":["GET"]}}],"collection":[{"href":"https:\/\/www.inmomaspinell.com\/blog\/ca\/wp-json\/wp\/v2\/posts"}],"about":[{"href":"https:\/\/www.inmomaspinell.com\/blog\/ca\/wp-json\/wp\/v2\/types\/post"}],"author":[{"embeddable":true,"href":"https:\/\/www.inmomaspinell.com\/blog\/ca\/wp-json\/wp\/v2\/users\/2"}],"replies":[{"embeddable":true,"href":"https:\/\/www.inmomaspinell.com\/blog\/ca\/wp-json\/wp\/v2\/comments?post=69"}],"version-history":[{"count":3,"href":"https:\/\/www.inmomaspinell.com\/blog\/ca\/wp-json\/wp\/v2\/posts\/69\/revisions"}],"predecessor-version":[{"id":82,"href":"https:\/\/www.inmomaspinell.com\/blog\/ca\/wp-json\/wp\/v2\/posts\/69\/revisions\/82"}],"wp:featuredmedia":[{"embeddable":true,"href":"https:\/\/www.inmomaspinell.com\/blog\/ca\/wp-json\/wp\/v2\/media\/36"}],"wp:attachment":[{"href":"https:\/\/www.inmomaspinell.com\/blog\/ca\/wp-json\/wp\/v2\/media?parent=69"}],"wp:term":[{"taxonomy":"category","embeddable":true,"href":"https:\/\/www.inmomaspinell.com\/blog\/ca\/wp-json\/wp\/v2\/categories?post=69"},{"taxonomy":"post_tag","embeddable":true,"href":"https:\/\/www.inmomaspinell.com\/blog\/ca\/wp-json\/wp\/v2\/tags?post=69"}],"curies":[{"name":"wp","href":"https:\/\/api.w.org\/{rel}","templated":true}]}}