{"id":969,"date":"2021-02-11T16:05:47","date_gmt":"2021-02-11T16:05:47","guid":{"rendered":"https:\/\/www.inmomaspinell.com\/blog\/?p=969"},"modified":"2021-02-12T11:32:44","modified_gmt":"2021-02-12T11:32:44","slug":"troba-les-millors-ofertes-cases-de-vacances-a-la-costa-brava","status":"publish","type":"post","link":"https:\/\/www.inmomaspinell.com\/blog\/ca\/troba-les-millors-ofertes-cases-de-vacances-a-la-costa-brava\/","title":{"rendered":"Troba les millors ofertes | Cases de vacances a la Costa Brava"},"content":{"rendered":"<p>Est\u00e0s buscant una <strong>casa de vacances a la Costa Brava pel millor preu<\/strong>? Ja saps sobre quina \u00e8poca t&#8217;agradaria reservar per\u00f2 <strong>les dates s\u00f3n flexibles<\/strong>? Llavors la nostra opci\u00f3 de cerca intel\u00b7ligent \u00e9s perfecta per a tu!<\/p>\n<p>Com funciona? A la p\u00e0gina de cerca on selecciones les dates, fes click a &#8220;recerca intel\u00b7ligent&#8221;. Aquesta opci\u00f3 serveix per buscar cases de vacances durant un cert nombre de nits dins d&#8217;un per\u00edode de temps determinat.<\/p>\n<p>Per exemple, si vols reservar una <strong>casa de vacances a la Costa Brava<\/strong> durant una setmana qualsevol al mes de Juliol, selecciona el mes sencer i l&#8217;opci\u00f3 &#8220;recerca intel\u00b7ligent&#8221;, i en &#8220;nits&#8221; escull 7 nits. Despr\u00e9s fes clic a &#8220;aplicar&#8221;:<\/p>\n<p><img loading=\"lazy\" decoding=\"async\" class=\"alignnone size-full wp-image-966\" src=\"https:\/\/www.inmomaspinell.com\/blog\/wp-content\/uploads\/2021\/02\/busqueda-calendario.jpg\" alt=\"\" width=\"645\" height=\"494\" \/><\/p>\n<p>&nbsp;<\/p>\n<p>Veur\u00e0s totes les <strong>cases de vacances<\/strong> que estan <strong>disponibles durant una setmana al juliol<\/strong>, i podr\u00e0s seleccionar <strong>la teva millor opci\u00f3<\/strong>. Els resultats sempre mostren les opcions m\u00e9s recomanables, per\u00f2 no dubtis a veure quines altres opcions hi ha per a cada allotjament:<\/p>\n<p><img loading=\"lazy\" decoding=\"async\" class=\"alignnone size-full wp-image-967\" src=\"https:\/\/www.inmomaspinell.com\/blog\/wp-content\/uploads\/2021\/02\/busqueda-inteligente-mejor-precio-opciones.jpg\" alt=\"\" width=\"876\" height=\"276\" srcset=\"https:\/\/www.inmomaspinell.com\/blog\/wp-content\/uploads\/2021\/02\/busqueda-inteligente-mejor-precio-opciones.jpg 876w, https:\/\/www.inmomaspinell.com\/blog\/wp-content\/uploads\/2021\/02\/busqueda-inteligente-mejor-precio-opciones-768x242.jpg 768w\" sizes=\"auto, (max-width: 876px) 100vw, 876px\" \/><\/p>\n<p>&nbsp;<\/p>\n<p>Vaja, aix\u00f2 s\u00ed que \u00e9s una recerca intel\u00b7ligent!<\/p>\n<p>&nbsp;<\/p>\n<p style=\"text-align: center;\"><a style=\"background-color: #00948f; text-align: center; -moz-border-radius: 3px; -webkit-border-radius: 3px; border-radius: 3px; display: inline-block; cursor: pointer; color: #ffffff; font-family: Helvetica; font-size: 17px; padding: 7px 7px; text-decoration: none;\" href=\"https:\/\/www.reservasmaspinell.com\/ca\/lloguer\/lloguer-lloguers-d0\/\">Comen\u00e7a la recerca de lloguers tur\u00edstics<\/a><\/p>\n<p>&nbsp;<\/p>\n","protected":false},"excerpt":{"rendered":"<p>Est\u00e0s buscant una casa de vacances a la Costa Brava pel millor preu? Ja saps sobre quina \u00e8poca t&#8217;agradaria reservar&#8230;<\/p>\n","protected":false},"author":2,"featured_media":941,"comment_status":"open","ping_status":"open","sticky":false,"template":"","format":"standard","meta":{"footnotes":""},"categories":[3],"tags":[303,301,302,300,33,299,304],"class_list":["post-969","post","type-post","status-publish","format-standard","has-post-thumbnail","hentry","category-cases-de-vacances","tag-apartaments-a-la-costa","tag-apartaments-costa-brava","tag-apartaments-pals","tag-cases-de-vacances","tag-costa-brava","tag-lloguers-turistics","tag-lloguers-turistics-emporda"],"_links":{"self":[{"href":"https:\/\/www.inmomaspinell.com\/blog\/ca\/wp-json\/wp\/v2\/posts\/969","targetHints":{"allow":["GET"]}}],"collection":[{"href":"https:\/\/www.inmomaspinell.com\/blog\/ca\/wp-json\/wp\/v2\/posts"}],"about":[{"href":"https:\/\/www.inmomaspinell.com\/blog\/ca\/wp-json\/wp\/v2\/types\/post"}],"author":[{"embeddable":true,"href":"https:\/\/www.inmomaspinell.com\/blog\/ca\/wp-json\/wp\/v2\/users\/2"}],"replies":[{"embeddable":true,"href":"https:\/\/www.inmomaspinell.com\/blog\/ca\/wp-json\/wp\/v2\/comments?post=969"}],"version-history":[{"count":3,"href":"https:\/\/www.inmomaspinell.com\/blog\/ca\/wp-json\/wp\/v2\/posts\/969\/revisions"}],"predecessor-version":[{"id":974,"href":"https:\/\/www.inmomaspinell.com\/blog\/ca\/wp-json\/wp\/v2\/posts\/969\/revisions\/974"}],"wp:featuredmedia":[{"embeddable":true,"href":"https:\/\/www.inmomaspinell.com\/blog\/ca\/wp-json\/wp\/v2\/media\/941"}],"wp:attachment":[{"href":"https:\/\/www.inmomaspinell.com\/blog\/ca\/wp-json\/wp\/v2\/media?parent=969"}],"wp:term":[{"taxonomy":"category","embeddable":true,"href":"https:\/\/www.inmomaspinell.com\/blog\/ca\/wp-json\/wp\/v2\/categories?post=969"},{"taxonomy":"post_tag","embeddable":true,"href":"https:\/\/www.inmomaspinell.com\/blog\/ca\/wp-json\/wp\/v2\/tags?post=969"}],"curies":[{"name":"wp","href":"https:\/\/api.w.org\/{rel}","templated":true}]}}