{"id":716,"date":"2018-01-04T14:59:27","date_gmt":"2018-01-04T14:59:27","guid":{"rendered":"https:\/\/www.inmomaspinell.com\/blog\/?p=716"},"modified":"2019-01-03T15:14:01","modified_gmt":"2019-01-03T15:14:01","slug":"costa-brava-ein-allgemeiner-ueberblick","status":"publish","type":"post","link":"https:\/\/www.inmomaspinell.com\/blog\/de\/costa-brava-ein-allgemeiner-ueberblick\/","title":{"rendered":"Costa Brava: ein allgemeiner \u00dcberblick"},"content":{"rendered":"<p>Die<strong> Costa Brava<\/strong> ist die K\u00fcstenregion der Provinz Girona (Katalonien, Spanien), die in Blanes beginnt und in Portbou (Frankreich) endet. Dieser K\u00fcstenstreifen erstreckt sich \u00fcber eine Fl\u00e4che von 214 km und umfasst die katalanischen Regionen <strong>Alt Empord\u00e0<\/strong>, <strong>Baix Empord\u00e0<\/strong> und <strong>La Selva<\/strong>.<\/p>\n<p>Die <a href=\"https:\/\/www.inmomaspinell.com\/blog\/de\/straende-costa-brava\/\">Str\u00e4nde<\/a> der Costa Brava zeichnen sich durch die <strong>Wasserqualit\u00e4t<\/strong> aus. Viele haben die Blaue Flagge erhalten, Symbol f\u00fcr sauberes Wasser und frei von Verschmutzungen. Ein weiteres charakteristisches Merkmal der Costa Brava sind die kleinen Buchten oder versteckten Str\u00e4nde, die von Vegetation umgeben sind, da das Meer an den Klippen erodiert wird.<\/p>\n<p>F\u00fcr viele V\u00f6lker und Kulturen war es seit Jahrhunderten ein Durchgangsgebiet und Siedlungsgebiet. Die zahlreichen historischen \u00dcberreste der Region zeugen davon und sind Teil des kulturellen Reichtums der Costa Brava.<\/p>\n<p><img loading=\"lazy\" decoding=\"async\" class=\"aligncenter wp-image-349\" src=\"https:\/\/www.inmomaspinell.com\/blog\/wp-content\/uploads\/2018\/12\/Besal\u00fa.jpg\" alt=\"La Costa Brava - Riqueza cultural\" width=\"808\" height=\"442\" srcset=\"https:\/\/www.inmomaspinell.com\/blog\/wp-content\/uploads\/2018\/12\/Besal\u00fa.jpg 950w, https:\/\/www.inmomaspinell.com\/blog\/wp-content\/uploads\/2018\/12\/Besal\u00fa-768x420.jpg 768w\" sizes=\"auto, (max-width: 808px) 100vw, 808px\" \/><\/p>\n<p>Das Land von Girona hat sich zu einem der <strong>wichtigsten Zentren der gastronomischen Pilgerfahrt der Welt<\/strong> entwickelt. Das Zentrum der Avantgarde-K\u00fcche befindet sich im Cabo de Creus am n\u00f6rdlichen Abschnitt der Costa Brava, wo <em>El Bulli<\/em> von Ferr\u00e1n Adri\u00e0 (in Cala Montjoi) eine neue Schule geschaffen hat. Die Avantgarde-K\u00fcche h\u00e4tte jedoch nicht ohne historischen Hintergrund, ohne lokale Produkte, ohne die Rohstoffe der Region aus Landwirtschaft, Gartenbau, Weinbau, der Produktion von Oliven, Vieh, Fischerei usw. entstehen k\u00f6nnen.<\/p>\n<p><img loading=\"lazy\" decoding=\"async\" class=\"aligncenter wp-image-352\" src=\"https:\/\/www.inmomaspinell.com\/blog\/wp-content\/uploads\/2018\/12\/Costa_Brava_enogastronomia-1.jpg\" alt=\"La Costa Brava - Gastronom\u00eda\" width=\"802\" height=\"357\" srcset=\"https:\/\/www.inmomaspinell.com\/blog\/wp-content\/uploads\/2018\/12\/Costa_Brava_enogastronomia-1.jpg 1005w, https:\/\/www.inmomaspinell.com\/blog\/wp-content\/uploads\/2018\/12\/Costa_Brava_enogastronomia-1-768x342.jpg 768w\" sizes=\"auto, (max-width: 802px) 100vw, 802px\" \/><\/p>\n<p>Die St\u00e4dte der Costa Brava sind durch ein gutes Stra\u00dfennetz mit regelm\u00e4\u00dfigen Bus- und Zugverbindungen verbunden. Girona liegt 104 Kilometer von Barcelona und 62 Kilometer von der franz\u00f6sischen Grenze entfernt und es gibt Stra\u00dfen- und Bahnverbindungen zu beiden Punkten. Dar\u00fcber hinaus verbindet der Flughafen Girona mit mehreren Fluggesellschaften verschiedene europ\u00e4ische St\u00e4dte.<\/p>\n<p>Denken Sie nicht, dass die Costa Brava eine gute Option f\u00fcr Ihren Urlaub ist? Klicken Sie unten und buchen Sie jetzt Ihre Unterkunft!<\/p>\n<p style=\"text-align: center;\"><a style=\"background-color: #00948f; text-align: center; -moz-border-radius: 3px; -webkit-border-radius: 3px; border-radius: 3px; display: inline-block; cursor: pointer; color: #ffffff; font-family: Helvetica; font-size: 17px; padding: 7px 7px; text-decoration: none;\" href=\"https:\/\/www.reservasmaspinell.com\/de\/\">Buchen Sie Ihre Unterkunft bei uns<\/a><\/p>\n","protected":false},"excerpt":{"rendered":"<p>Die Costa Brava ist die K\u00fcstenregion der Provinz Girona (Katalonien, Spanien), die in Blanes beginnt und in Portbou (Frankreich) endet&#8230;.<\/p>\n","protected":false},"author":2,"featured_media":347,"comment_status":"open","ping_status":"open","sticky":false,"template":"","format":"standard","meta":{"footnotes":""},"categories":[24],"tags":[33,91,180,179],"class_list":["post-716","post","type-post","status-publish","format-standard","has-post-thumbnail","hentry","category-touristeninformationen","tag-costa-brava","tag-information","tag-katalonien","tag-spanien"],"_links":{"self":[{"href":"https:\/\/www.inmomaspinell.com\/blog\/de\/wp-json\/wp\/v2\/posts\/716","targetHints":{"allow":["GET"]}}],"collection":[{"href":"https:\/\/www.inmomaspinell.com\/blog\/de\/wp-json\/wp\/v2\/posts"}],"about":[{"href":"https:\/\/www.inmomaspinell.com\/blog\/de\/wp-json\/wp\/v2\/types\/post"}],"author":[{"embeddable":true,"href":"https:\/\/www.inmomaspinell.com\/blog\/de\/wp-json\/wp\/v2\/users\/2"}],"replies":[{"embeddable":true,"href":"https:\/\/www.inmomaspinell.com\/blog\/de\/wp-json\/wp\/v2\/comments?post=716"}],"version-history":[{"count":2,"href":"https:\/\/www.inmomaspinell.com\/blog\/de\/wp-json\/wp\/v2\/posts\/716\/revisions"}],"predecessor-version":[{"id":718,"href":"https:\/\/www.inmomaspinell.com\/blog\/de\/wp-json\/wp\/v2\/posts\/716\/revisions\/718"}],"wp:featuredmedia":[{"embeddable":true,"href":"https:\/\/www.inmomaspinell.com\/blog\/de\/wp-json\/wp\/v2\/media\/347"}],"wp:attachment":[{"href":"https:\/\/www.inmomaspinell.com\/blog\/de\/wp-json\/wp\/v2\/media?parent=716"}],"wp:term":[{"taxonomy":"category","embeddable":true,"href":"https:\/\/www.inmomaspinell.com\/blog\/de\/wp-json\/wp\/v2\/categories?post=716"},{"taxonomy":"post_tag","embeddable":true,"href":"https:\/\/www.inmomaspinell.com\/blog\/de\/wp-json\/wp\/v2\/tags?post=716"}],"curies":[{"name":"wp","href":"https:\/\/api.w.org\/{rel}","templated":true}]}}