{"id":824,"date":"2019-09-06T13:26:57","date_gmt":"2019-09-06T13:26:57","guid":{"rendered":"https:\/\/www.inmomaspinell.com\/blog\/?p=824"},"modified":"2019-12-05T13:21:16","modified_gmt":"2019-12-05T13:21:16","slug":"haus-mit-privatem-garten-in-platja-de-pals","status":"publish","type":"post","link":"https:\/\/www.inmomaspinell.com\/blog\/de\/haus-mit-privatem-garten-in-platja-de-pals\/","title":{"rendered":"Haus mit privatem Garten in Platja de Pals"},"content":{"rendered":"<p><strong>Reservas Mas Pinell<\/strong> bietet Unterkunft an verschiedenen Orten der herrlichen und beliebten <a href=\"https:\/\/www.inmomaspinell.com\/blog\/de\/costa-brava-ein-allgemeiner-ueberblick\/\">Costa Brava<\/a>: Begur, Estartit, Mas Pinell &#8230; Heute m\u00f6chten wir Ihnen ein wundersch\u00f6nes <strong>Haus mit privatem Garten in Platja de Pals<\/strong> vorstellen, das sich in einer ruhigen Wohngegend mit WLAN und Internet befindet Kostenloses Satellitenfernsehen (Spanisch, Deutsch, Franz\u00f6sisch und Englisch).<\/p>\n<p>Hervorzuheben ist <strong>der gro\u00dfe und gepflegte, umz\u00e4unte Garten<\/strong>, der sich ideal zum Essen im Freien, Grillen, Sonnenbaden oder Entspannen eignet. Vom Garten aus haben Sie Zugang zum Gemeinschaftspool, der nur mit 7 anderen H\u00e4usern geteilt wird.<\/p>\n<p>Es hat eine maximale Kapazit\u00e4t f\u00fcr <strong>7 Personen<\/strong>. Im Obergeschoss befinden sich 3 Schlafzimmer (Hauptschlafzimmer mit Doppelbett, zweites Schlafzimmer mit 2 Einzelbetten und drittes Schlafzimmer mit Etagenbett + 1 Einzelbett) und 2 Badezimmer (eines davon mit eigenem Bad und das andere mitbenutzen). Das Schlafzimmer verf\u00fcgt \u00fcber eine Klimaanlage, die ausreichend ist, um die obere Etage des Hauses zu k\u00fchlen.<\/p>\n<p><img loading=\"lazy\" decoding=\"async\" class=\"aligncenter wp-image-479\" src=\"https:\/\/www.inmomaspinell.com\/blog\/wp-content\/uploads\/2018\/12\/DSC_0045.jpg\" alt=\"Haus mit privatem Garten in Platja de Pals\" width=\"778\" height=\"518\" srcset=\"https:\/\/www.inmomaspinell.com\/blog\/wp-content\/uploads\/2018\/12\/DSC_0045.jpg 3008w, https:\/\/www.inmomaspinell.com\/blog\/wp-content\/uploads\/2018\/12\/DSC_0045-360x240.jpg 360w, https:\/\/www.inmomaspinell.com\/blog\/wp-content\/uploads\/2018\/12\/DSC_0045-768x511.jpg 768w\" sizes=\"auto, (max-width: 778px) 100vw, 778px\" \/><\/p>\n<p>Im Erdgeschoss dieses Hauses gibt es ein sch\u00f6nes Wohnzimmer mit Pelletofen, eine gro\u00dfe offene K\u00fcche, die komplett mit einem Essbereich und einer Toilette ausgestattet ist. Vom Wohnzimmer aus erreichen Sie die Veranda und den privaten Garten mit Gartenm\u00f6beln und Sonnenliegen.<\/p>\n<p>Die Platja de Pals liegt etwa <strong>1000 Meter entfernt<\/strong>. Es ist ein breiter Sandstrand mit einzigartigem Panoramablick, ideal, um mit der Familie zu genie\u00dfen, Wassersport zu betreiben, spazieren zu gehen, sich auszuruhen oder die Landschaft und die herrlichen Aussichten mit den Medes-Inseln im Hintergrund zu betrachten.<\/p>\n<p><img loading=\"lazy\" decoding=\"async\" class=\"aligncenter wp-image-480\" src=\"https:\/\/www.inmomaspinell.com\/blog\/wp-content\/uploads\/2018\/12\/Platja-de-Pals.jpg\" alt=\"Platja de Pals\" width=\"780\" height=\"520\" srcset=\"https:\/\/www.inmomaspinell.com\/blog\/wp-content\/uploads\/2018\/12\/Platja-de-Pals.jpg 1800w, https:\/\/www.inmomaspinell.com\/blog\/wp-content\/uploads\/2018\/12\/Platja-de-Pals-360x240.jpg 360w, https:\/\/www.inmomaspinell.com\/blog\/wp-content\/uploads\/2018\/12\/Platja-de-Pals-768x512.jpg 768w\" sizes=\"auto, (max-width: 780px) 100vw, 780px\" \/><\/p>\n<p>Es ist in 2 Sektoren unterteilt. Im Norden finden wir die <strong>Platja del Grau<\/strong>, ruhig, flach, mit feinem goldenen Sand, der sich im S\u00fcden mit der <strong>Platja Gran<\/strong> verbindet, tieferem und k\u00f6rnigerem Sand. In beiden Bereichen finden Sie Restaurants, Bars mit Terrasse und Gesch\u00e4fte.<\/p>\n<p>Reservieren Sie dieses Haus mit privatem Garten in Platja de Pals auf unserer Website und kommen Sie zu uns, um die Costa Brava zu genie\u00dfen. Sie werden es nicht bereuen!<\/p>\n<p style=\"text-align: center;\"><a style=\"background-color: #00948f; text-align: center; -moz-border-radius: 3px; -webkit-border-radius: 3px; border-radius: 3px; display: inline-block; cursor: pointer; color: #ffffff; font-family: Helvetica; font-size: 17px; padding: 7px 7px; text-decoration: none;\" href=\"https:\/\/www.reservasmaspinell.com\/de\/\">Buchen Sie Ihre Unterkunft bei uns<\/a><\/p>\n","protected":false},"excerpt":{"rendered":"<p>Reservas Mas Pinell bietet Unterkunft an verschiedenen Orten der herrlichen und beliebten Costa Brava: Begur, Estartit, Mas Pinell &#8230; Heute&#8230;<\/p>\n","protected":false},"author":2,"featured_media":473,"comment_status":"open","ping_status":"open","sticky":false,"template":"","format":"standard","meta":{"footnotes":""},"categories":[244],"tags":[33,245,247,255,180,79,179,182],"class_list":["post-824","post","type-post","status-publish","format-standard","has-post-thumbnail","hentry","category-ferienwohnung","tag-costa-brava","tag-ferienwohnung","tag-garten","tag-haus","tag-katalonien","tag-pals","tag-spanien","tag-urlaub"],"_links":{"self":[{"href":"https:\/\/www.inmomaspinell.com\/blog\/de\/wp-json\/wp\/v2\/posts\/824","targetHints":{"allow":["GET"]}}],"collection":[{"href":"https:\/\/www.inmomaspinell.com\/blog\/de\/wp-json\/wp\/v2\/posts"}],"about":[{"href":"https:\/\/www.inmomaspinell.com\/blog\/de\/wp-json\/wp\/v2\/types\/post"}],"author":[{"embeddable":true,"href":"https:\/\/www.inmomaspinell.com\/blog\/de\/wp-json\/wp\/v2\/users\/2"}],"replies":[{"embeddable":true,"href":"https:\/\/www.inmomaspinell.com\/blog\/de\/wp-json\/wp\/v2\/comments?post=824"}],"version-history":[{"count":2,"href":"https:\/\/www.inmomaspinell.com\/blog\/de\/wp-json\/wp\/v2\/posts\/824\/revisions"}],"predecessor-version":[{"id":827,"href":"https:\/\/www.inmomaspinell.com\/blog\/de\/wp-json\/wp\/v2\/posts\/824\/revisions\/827"}],"wp:featuredmedia":[{"embeddable":true,"href":"https:\/\/www.inmomaspinell.com\/blog\/de\/wp-json\/wp\/v2\/media\/473"}],"wp:attachment":[{"href":"https:\/\/www.inmomaspinell.com\/blog\/de\/wp-json\/wp\/v2\/media?parent=824"}],"wp:term":[{"taxonomy":"category","embeddable":true,"href":"https:\/\/www.inmomaspinell.com\/blog\/de\/wp-json\/wp\/v2\/categories?post=824"},{"taxonomy":"post_tag","embeddable":true,"href":"https:\/\/www.inmomaspinell.com\/blog\/de\/wp-json\/wp\/v2\/tags?post=824"}],"curies":[{"name":"wp","href":"https:\/\/api.w.org\/{rel}","templated":true}]}}