{"id":850,"date":"2019-04-05T15:22:26","date_gmt":"2019-04-05T15:22:26","guid":{"rendered":"https:\/\/www.inmomaspinell.com\/blog\/?p=850"},"modified":"2019-12-05T13:20:49","modified_gmt":"2019-12-05T13:20:49","slug":"platja-de-pals-ein-wunderschoener-strand-an-der-costa-brava","status":"publish","type":"post","link":"https:\/\/www.inmomaspinell.com\/blog\/de\/platja-de-pals-ein-wunderschoener-strand-an-der-costa-brava\/","title":{"rendered":"Platja de Pals, ein wundersch\u00f6ner Strand an der Costa Brava"},"content":{"rendered":"<p><strong>Platja de Pals<\/strong> an der <a href=\"https:\/\/www.inmomaspinell.com\/blog\/de\/costa-brava-ein-allgemeiner-ueberblick\/\">Costa Brava<\/a> ist ein <strong>3,5 Kilometer<\/strong> langer Sandgrube, der zum Naturpark Montgr\u00ed, zu den Medas Inseln und zum Bajo Ter geh\u00f6rt.<\/p>\n<p>Es ist sowohl f\u00fcr diejenigen, die Sport im Sand aus\u00fcben wollen, als auch f\u00fcr diejenigen, die einen ruhigen Ort als Familie suchen, ideal. Dar\u00fcber hinaus gibt es in Platja Gran ein <strong>FKK-Gebiet<\/strong>, ideal f\u00fcr Liebhaber von Naturismus.<\/p>\n<p><img loading=\"lazy\" decoding=\"async\" class=\"aligncenter wp-image-498\" src=\"https:\/\/www.inmomaspinell.com\/blog\/wp-content\/uploads\/2018\/12\/Platja-de-Pals_03.jpg\" alt=\"Platja de Pals\" width=\"761\" height=\"571\" srcset=\"https:\/\/www.inmomaspinell.com\/blog\/wp-content\/uploads\/2018\/12\/Platja-de-Pals_03.jpg 1066w, https:\/\/www.inmomaspinell.com\/blog\/wp-content\/uploads\/2018\/12\/Platja-de-Pals_03-768x576.jpg 768w\" sizes=\"auto, (max-width: 761px) 100vw, 761px\" \/><\/p>\n<p>Es gibt keine Promenade, aber wir finden gesch\u00fctzte D\u00fcnen und Wege, durch die wir uns bewegen k\u00f6nnen. Hier finden Sie auch Duschen, \u00f6ffentliche Toiletten, einen Touristeninformationsstand, Rettungsschwimmerposten, Parkpl\u00e4tze, Zugang f\u00fcr Menschen mit eingeschr\u00e4nkter Mobilit\u00e4t und Strandbars, an denen Sie bei Panoramablick ein Getr\u00e4nk genie\u00dfen k\u00f6nnen.<\/p>\n<p>Manchmal sorgen der Wind des Levante und des Tramontana f\u00fcr gute Bedingungen zum Surfen, Windsurfen oder Kitesurfen. Daher ist dieser Strand der ideale Ort f\u00fcr Wassersport und Segeln.<\/p>\n<p>Platja de Pals besteht aus zwei Teilen:<\/p>\n<ul>\n<li><strong>Platja del Grau<\/strong> liegt weiter n\u00f6rdlich und genie\u00dft weichen Sand und seichtes Wasser, ideal f\u00fcr Kinder. Im n\u00f6rdlichen Teil des Strandes befindet sich der Platja de Pals Golf Club, der \u00e4lteste Golfplatz der Costa Brava.<\/li>\n<\/ul>\n<p><img loading=\"lazy\" decoding=\"async\" class=\"aligncenter wp-image-497\" src=\"https:\/\/www.inmomaspinell.com\/blog\/wp-content\/uploads\/2018\/12\/Platja-de-Pals_02.jpg\" alt=\"Platja de Pals\" width=\"763\" height=\"510\" srcset=\"https:\/\/www.inmomaspinell.com\/blog\/wp-content\/uploads\/2018\/12\/Platja-de-Pals_02.jpg 1024w, https:\/\/www.inmomaspinell.com\/blog\/wp-content\/uploads\/2018\/12\/Platja-de-Pals_02-360x240.jpg 360w, https:\/\/www.inmomaspinell.com\/blog\/wp-content\/uploads\/2018\/12\/Platja-de-Pals_02-768x514.jpg 768w\" sizes=\"auto, (max-width: 763px) 100vw, 763px\" \/><\/p>\n<ul>\n<li>Im S\u00fcden finden wir <strong>Platja Gran<\/strong> mit rauherem Sand und wo die Wassertiefe ziemlich schnell ansteigt, so dass es nicht f\u00fcr Kinder geeignet ist.<\/li>\n<\/ul>\n<p>Platja de Pals liegt nur 3 km vom Stadtzentrum von Pals entfernt. Das Ankommen ist sehr einfach, da wir nur der K\u00fcste folgen m\u00fcssen. Die Entfernung von Girona ist mit 45 km nicht sehr gro\u00df.<\/p>\n<p>Hat Ihnen dieser Artikel \u00fcber Platja de Pals (Costa Brava) gefallen? Klicken Sie unten und buchen Sie jetzt Ihre Unterkunft!<\/p>\n<p style=\"text-align: center;\"><a style=\"background-color: #00948f; text-align: center; -moz-border-radius: 3px; -webkit-border-radius: 3px; border-radius: 3px; display: inline-block; cursor: pointer; color: #ffffff; font-family: Helvetica; font-size: 17px; padding: 7px 7px; text-decoration: none;\" href=\"https:\/\/www.reservasmaspinell.com\/de\/\">Buchen Sie Ihre Unterkunft bei uns<\/a><\/p>\n","protected":false},"excerpt":{"rendered":"<p>Platja de Pals an der Costa Brava ist ein 3,5 Kilometer langer Sandgrube, der zum Naturpark Montgr\u00ed, zu den Medas&#8230;<\/p>\n","protected":false},"author":2,"featured_media":836,"comment_status":"open","ping_status":"open","sticky":false,"template":"","format":"standard","meta":{"footnotes":""},"categories":[24],"tags":[33,249,180,179,248,181,182],"class_list":["post-850","post","type-post","status-publish","format-standard","has-post-thumbnail","hentry","category-touristeninformationen","tag-costa-brava","tag-familienurlaub","tag-katalonien","tag-spanien","tag-strand","tag-straende","tag-urlaub"],"_links":{"self":[{"href":"https:\/\/www.inmomaspinell.com\/blog\/de\/wp-json\/wp\/v2\/posts\/850","targetHints":{"allow":["GET"]}}],"collection":[{"href":"https:\/\/www.inmomaspinell.com\/blog\/de\/wp-json\/wp\/v2\/posts"}],"about":[{"href":"https:\/\/www.inmomaspinell.com\/blog\/de\/wp-json\/wp\/v2\/types\/post"}],"author":[{"embeddable":true,"href":"https:\/\/www.inmomaspinell.com\/blog\/de\/wp-json\/wp\/v2\/users\/2"}],"replies":[{"embeddable":true,"href":"https:\/\/www.inmomaspinell.com\/blog\/de\/wp-json\/wp\/v2\/comments?post=850"}],"version-history":[{"count":1,"href":"https:\/\/www.inmomaspinell.com\/blog\/de\/wp-json\/wp\/v2\/posts\/850\/revisions"}],"predecessor-version":[{"id":851,"href":"https:\/\/www.inmomaspinell.com\/blog\/de\/wp-json\/wp\/v2\/posts\/850\/revisions\/851"}],"wp:featuredmedia":[{"embeddable":true,"href":"https:\/\/www.inmomaspinell.com\/blog\/de\/wp-json\/wp\/v2\/media\/836"}],"wp:attachment":[{"href":"https:\/\/www.inmomaspinell.com\/blog\/de\/wp-json\/wp\/v2\/media?parent=850"}],"wp:term":[{"taxonomy":"category","embeddable":true,"href":"https:\/\/www.inmomaspinell.com\/blog\/de\/wp-json\/wp\/v2\/categories?post=850"},{"taxonomy":"post_tag","embeddable":true,"href":"https:\/\/www.inmomaspinell.com\/blog\/de\/wp-json\/wp\/v2\/tags?post=850"}],"curies":[{"name":"wp","href":"https:\/\/api.w.org\/{rel}","templated":true}]}}