{"id":252,"date":"2019-08-11T09:30:50","date_gmt":"2019-08-11T09:30:50","guid":{"rendered":"https:\/\/www.inmomaspinell.com\/blog\/?p=252"},"modified":"2019-12-05T12:56:23","modified_gmt":"2019-12-05T12:56:23","slug":"feria-de-indianos-en-begur","status":"publish","type":"post","link":"https:\/\/www.inmomaspinell.com\/blog\/es\/feria-de-indianos-en-begur\/","title":{"rendered":"Feria de Indianos en Begur"},"content":{"rendered":"<p>La <strong>Feria de Indianos en Begur<\/strong> es una de las m\u00e1s conocidas fiestas y festivales que se llevan a cabo en verano en la <a href=\"https:\/\/www.inmomaspinell.com\/blog\/es\/la-costa-brava-una-vision-general\/\">Costa Brava<\/a>.\u00a0Celebra la <strong>intensa relaci\u00f3n entre Cuba y Begur<\/strong>, que tiene su origen en la emigraci\u00f3n de muchos begurenses a la isla a lo largo del siglo XIX. Al retornar al pueblo, aquellos que hab\u00edan prosperado en sus negocios, constru\u00edan ostentosas casas que todav\u00eda hoy decoran las calles de Begur. Eran los populares \u00abamericanos\u00bb, que pretend\u00edan recrear el estilo de vida de Cuba y que dejaron un diverso legado cultural.<\/p>\n<p><img loading=\"lazy\" decoding=\"async\" class=\"alignnone wp-image-255\" src=\"https:\/\/www.inmomaspinell.com\/blog\/wp-content\/uploads\/2018\/08\/IMG_3709.jpg\" alt=\"Feria de Indianos de Begur\" width=\"794\" height=\"734\" \/><br \/>\n<a style=\"background-color: #00948f; color: white; text-decoration: none; padding: 4px 6px; font-family: -apple-system, BlinkMacSystemFont, 'San Francisco', 'Helvetica Neue', Helvetica, Ubuntu, Roboto, Noto, 'Segoe UI', Arial, sans-serif; font-size: 12px; font-weight: bold; line-height: 1.2; display: inline-block; border-radius: 3px;\" title=\"Download free do whatever you want high-resolution photos from Aitor Romero\" href=\"https:\/\/www.instagram.com\/ropra7645\/\" target=\"_blank\" rel=\"noopener noreferrer\"><span style=\"display: inline-block; padding: 2px 3px;\">Aitor Romero<\/span><\/a><\/p>\n<p>El primer fin de semana de septiembre, Begur se transforma para revivir aquel periodo hist\u00f3rico que ha dejado una profunda huella en esta villa y en su identidad. Las calles y plazas de Begur acogen un mercado de productos de ultramar, muestras de oficios y actuaciones musicales. La Feria se abre con la inauguraci\u00f3n oficial por parte de autoridades pol\u00edticas y personas vinculadas al mundo indiano.<\/p>\n<p><img loading=\"lazy\" decoding=\"async\" class=\"alignnone wp-image-253\" src=\"https:\/\/www.inmomaspinell.com\/blog\/wp-content\/uploads\/2018\/08\/IMG_3323.jpg\" alt=\"Feria de Indianos de Begur\" width=\"790\" height=\"548\" \/><br \/>\n<a style=\"background-color: #00948f; color: white; text-decoration: none; padding: 4px 6px; font-family: -apple-system, BlinkMacSystemFont, 'San Francisco', 'Helvetica Neue', Helvetica, Ubuntu, Roboto, Noto, 'Segoe UI', Arial, sans-serif; font-size: 12px; font-weight: bold; line-height: 1.2; display: inline-block; border-radius: 3px;\" title=\"Download free do whatever you want high-resolution photos from Aitor Romero\" href=\"https:\/\/www.instagram.com\/ropra7645\/\" target=\"_blank\" rel=\"noopener noreferrer\"><span style=\"display: inline-block; padding: 2px 3px;\">Aitor Romero<\/span><\/a><\/p>\n<p>Durante el transcurso de la feria se programan <strong>diversas actividades musicales<\/strong>. El viernes, primer d\u00eda de la Feria, en el fant\u00e1stico marco del patio de las Escuelas Viejas, cada a\u00f1o brilla una figura estelar diferente, como Lucrecia y Chano Dom\u00ednguez, entre otros. Los ritmos caribe\u00f1os, con grupos cubanos de renombre internacional, como la M\u00e1quina del Sabor, aseguran la juerga y la diversi\u00f3n del p\u00fablico m\u00e1s exigente.<\/p>\n<p>Tampoco faltan las habaneras ni los espect\u00e1culos de calle, con recreaciones de la \u00e9poca indiana. Todo ello se complementa con una serie de actividades culturales: <strong>exposiciones, visitas guiadas, entrevistas, conferencias, documentales o mesas redondas<\/strong>, que analizan y divulgan este legado de los \u00abamericanos\u00bb.<\/p>\n<p>Si quieres disfrutar de esta m\u00e1gica Feria de Indianos puedes descargarte el programa de actividades desde el siguiente enlace:<\/p>\n<p style=\"text-align: center;\"><a style=\"background-color: #00948f; text-align: center; -moz-border-radius: 3px; -webkit-border-radius: 3px; border-radius: 3px; display: inline-block; cursor: pointer; color: #ffffff; font-family: Helvetica; font-size: 17px; padding: 7px 7px; text-decoration: none;\" href=\"http:\/\/visitbegur.cat\/wp-content\/uploads\/2017\/06\/Programa-Indians-2018.pdf\" target=\"_blank\" rel=\"noopener\">Descarga tu programa aqu\u00ed<\/a><\/p>\n<p>\u00bfTe ha gustado este post? \u00bfQuieres ir a Begur pero no tienes donde alojarte? \u00a1Haz clic en el bot\u00f3n de abajo!<\/p>\n<p style=\"text-align: center;\"><a style=\"background-color: #00948f; text-align: center; -moz-border-radius: 3px; -webkit-border-radius: 3px; border-radius: 3px; display: inline-block; cursor: pointer; color: #ffffff; font-family: Helvetica; font-size: 17px; padding: 7px 7px; text-decoration: none;\" href=\"https:\/\/www.reservasmaspinell.com\/es\/\">Reserva tu alojamiento con nosotros<\/a><\/p>\n","protected":false},"excerpt":{"rendered":"<p>La Feria de Indianos en Begur es una de las m\u00e1s conocidas fiestas y festivales que se llevan a cabo&#8230;<\/p>\n","protected":false},"author":2,"featured_media":254,"comment_status":"open","ping_status":"open","sticky":false,"template":"","format":"standard","meta":{"footnotes":""},"categories":[10],"tags":[61,32,33,62,63,44,47,35],"class_list":["post-252","post","type-post","status-publish","format-standard","has-post-thumbnail","hentry","category-agenda","tag-begur","tag-cataluna","tag-costa-brava","tag-feria","tag-feria-de-indianos","tag-fiestas","tag-fiestas-populares","tag-playa"],"_links":{"self":[{"href":"https:\/\/www.inmomaspinell.com\/blog\/es\/wp-json\/wp\/v2\/posts\/252","targetHints":{"allow":["GET"]}}],"collection":[{"href":"https:\/\/www.inmomaspinell.com\/blog\/es\/wp-json\/wp\/v2\/posts"}],"about":[{"href":"https:\/\/www.inmomaspinell.com\/blog\/es\/wp-json\/wp\/v2\/types\/post"}],"author":[{"embeddable":true,"href":"https:\/\/www.inmomaspinell.com\/blog\/es\/wp-json\/wp\/v2\/users\/2"}],"replies":[{"embeddable":true,"href":"https:\/\/www.inmomaspinell.com\/blog\/es\/wp-json\/wp\/v2\/comments?post=252"}],"version-history":[{"count":13,"href":"https:\/\/www.inmomaspinell.com\/blog\/es\/wp-json\/wp\/v2\/posts\/252\/revisions"}],"predecessor-version":[{"id":873,"href":"https:\/\/www.inmomaspinell.com\/blog\/es\/wp-json\/wp\/v2\/posts\/252\/revisions\/873"}],"wp:featuredmedia":[{"embeddable":true,"href":"https:\/\/www.inmomaspinell.com\/blog\/es\/wp-json\/wp\/v2\/media\/254"}],"wp:attachment":[{"href":"https:\/\/www.inmomaspinell.com\/blog\/es\/wp-json\/wp\/v2\/media?parent=252"}],"wp:term":[{"taxonomy":"category","embeddable":true,"href":"https:\/\/www.inmomaspinell.com\/blog\/es\/wp-json\/wp\/v2\/categories?post=252"},{"taxonomy":"post_tag","embeddable":true,"href":"https:\/\/www.inmomaspinell.com\/blog\/es\/wp-json\/wp\/v2\/tags?post=252"}],"curies":[{"name":"wp","href":"https:\/\/api.w.org\/{rel}","templated":true}]}}