{"id":346,"date":"2018-01-04T10:28:06","date_gmt":"2018-01-04T10:28:06","guid":{"rendered":"https:\/\/www.inmomaspinell.com\/blog\/?p=346"},"modified":"2018-12-19T15:48:25","modified_gmt":"2018-12-19T15:48:25","slug":"la-costa-brava-una-vision-general","status":"publish","type":"post","link":"https:\/\/www.inmomaspinell.com\/blog\/es\/la-costa-brava-una-vision-general\/","title":{"rendered":"La Costa Brava: una breve visi\u00f3n general"},"content":{"rendered":"<p>La\u00a0<strong>Costa Brava\u00a0<\/strong>es el nombre asignado a la <strong>zona costera de la provincia de Girona<\/strong> (Catalu\u00f1a) que comienza en\u00a0Blanes\u00a0y acaba en Portbou (Francia). Esta franja litoral tiene una extensi\u00f3n de 214\u00a0km y est\u00e1 comprendida por las comarcas catalanas del\u00a0Alto Ampurd\u00e1n, el\u00a0Bajo Ampurd\u00e1n\u00a0y\u00a0La Selva.<\/p>\n<p>Las <a href=\"https:\/\/www.inmomaspinell.com\/blog\/es\/las-playas-de-la-costa-brava\/\">playas<\/a> de la Costa Brava se caracterizan por la <strong>calidad de sus aguas<\/strong>. A muchas se les ha atribuido la\u00a0Bandera Azul, s\u00edmbolo de agua limpia y libre de contaminaci\u00f3n. Otro de los rasgos caracter\u00edsticos de la Costa Brava son las peque\u00f1as calas o playas escondidas rodeadas de vegetaci\u00f3n, debido a la erosi\u00f3n del mar sobre los acantilados.<\/p>\n<p>Desde hace siglos, es una zona de paso y asentamiento para numerosos pueblos y culturas. La gran cantidad de restos hist\u00f3ricos de la zona son testimonio de este hecho y forman parte de la <a href=\"https:\/\/www.inmomaspinell.com\/blog\/es\/la-cultura-y-los-monumentos-de-la-costa-brava\/\">riqueza cultural<\/a> de la Costa Brava.<\/p>\n<p><img loading=\"lazy\" decoding=\"async\" class=\"aligncenter wp-image-349\" src=\"https:\/\/www.inmomaspinell.com\/blog\/wp-content\/uploads\/2018\/12\/Besal\u00fa.jpg\" alt=\"La Costa Brava - Riqueza cultural\" width=\"808\" height=\"442\" srcset=\"https:\/\/www.inmomaspinell.com\/blog\/wp-content\/uploads\/2018\/12\/Besal\u00fa.jpg 950w, https:\/\/www.inmomaspinell.com\/blog\/wp-content\/uploads\/2018\/12\/Besal\u00fa-768x420.jpg 768w\" sizes=\"auto, (max-width: 808px) 100vw, 808px\" \/><\/p>\n<p>Las regiones de Girona se han convertido en uno de los principales centros de <strong>peregrinaci\u00f3n gastron\u00f3mica<\/strong> en el mundo. De hecho, el centro de la cocina de vanguardia est\u00e1 situado en el Cabo de Creus en el tramo norte de la Costa Brava donde el\u00a0<a href=\"https:\/\/es.wikipedia.org\/wiki\/El_Bulli\">El Bulli\u00a0de\u00a0Ferr\u00e1n Adri\u00e1\u00a0<\/a>(en Cala Montjoi) ha creado una nueva escuela. Sin embargo, la cocina de vanguardia no podr\u00eda haber surgido sin antecedentes hist\u00f3ricos, sin los productos locales, sin las materias primas de la regi\u00f3n provenientes de su\u00a0<strong>agricultura<\/strong>,\u00a0<strong>horticultura<\/strong>,\u00a0<strong>viticultura<\/strong>, de la producci\u00f3n de <strong>aceitunas<\/strong>, de la <strong>ganader\u00eda<\/strong>, la <strong>pesca<\/strong>, etc..<\/p>\n<p><img loading=\"lazy\" decoding=\"async\" class=\"aligncenter wp-image-352\" src=\"https:\/\/www.inmomaspinell.com\/blog\/wp-content\/uploads\/2018\/12\/Costa_Brava_enogastronomia-1.jpg\" alt=\"La Costa Brava - Gastronom\u00eda\" width=\"802\" height=\"357\" srcset=\"https:\/\/www.inmomaspinell.com\/blog\/wp-content\/uploads\/2018\/12\/Costa_Brava_enogastronomia-1.jpg 1005w, https:\/\/www.inmomaspinell.com\/blog\/wp-content\/uploads\/2018\/12\/Costa_Brava_enogastronomia-1-768x342.jpg 768w\" sizes=\"auto, (max-width: 802px) 100vw, 802px\" \/><\/p>\n<p>El conjunto de localidades que forman la Costa Brava est\u00e1n conectadas entre ellas por una buena red de carreteras, con servicios regulares de autobuses y tren. Girona est\u00e1 situada a 104 kil\u00f3metros de Barcelona y a 62 kil\u00f3metros de la frontera con Francia, y existen conexiones por carretera y v\u00eda ferroviaria a los dos puntos. Adem\u00e1s, el\u00a0aeropuerto de Girona, con varias compa\u00f1\u00edas a\u00e9reas, conecta diferentes ciudades europeas.<\/p>\n<p>Esperamos que esta visi\u00f3n general sobre la Costa Brava te anime para visitarla. Haz click abajo y reserva tu alojamiento con nosotros. \u00a1No te arrepentir\u00e1s!<\/p>\n<p style=\"text-align: center;\"><a style=\"background-color: #00948f; text-align: center; -moz-border-radius: 3px; -webkit-border-radius: 3px; border-radius: 3px; display: inline-block; cursor: pointer; color: #ffffff; font-family: Helvetica; font-size: 17px; padding: 7px 7px; text-decoration: none;\" href=\"https:\/\/www.reservasmaspinell.com\">Reserva tu alojamiento con nosotros<\/a><\/p>\n<p>&nbsp;<\/p>\n","protected":false},"excerpt":{"rendered":"<p>La\u00a0Costa Brava\u00a0es el nombre asignado a la zona costera de la provincia de Girona (Catalu\u00f1a) que comienza en\u00a0Blanes\u00a0y acaba en&#8230;<\/p>\n","protected":false},"author":2,"featured_media":442,"comment_status":"open","ping_status":"open","sticky":false,"template":"","format":"standard","meta":{"footnotes":""},"categories":[8],"tags":[32,33,34,35],"class_list":["post-346","post","type-post","status-publish","format-standard","has-post-thumbnail","hentry","category-informacion-turistica","tag-cataluna","tag-costa-brava","tag-girona","tag-playa"],"_links":{"self":[{"href":"https:\/\/www.inmomaspinell.com\/blog\/es\/wp-json\/wp\/v2\/posts\/346","targetHints":{"allow":["GET"]}}],"collection":[{"href":"https:\/\/www.inmomaspinell.com\/blog\/es\/wp-json\/wp\/v2\/posts"}],"about":[{"href":"https:\/\/www.inmomaspinell.com\/blog\/es\/wp-json\/wp\/v2\/types\/post"}],"author":[{"embeddable":true,"href":"https:\/\/www.inmomaspinell.com\/blog\/es\/wp-json\/wp\/v2\/users\/2"}],"replies":[{"embeddable":true,"href":"https:\/\/www.inmomaspinell.com\/blog\/es\/wp-json\/wp\/v2\/comments?post=346"}],"version-history":[{"count":15,"href":"https:\/\/www.inmomaspinell.com\/blog\/es\/wp-json\/wp\/v2\/posts\/346\/revisions"}],"predecessor-version":[{"id":644,"href":"https:\/\/www.inmomaspinell.com\/blog\/es\/wp-json\/wp\/v2\/posts\/346\/revisions\/644"}],"wp:featuredmedia":[{"embeddable":true,"href":"https:\/\/www.inmomaspinell.com\/blog\/es\/wp-json\/wp\/v2\/media\/442"}],"wp:attachment":[{"href":"https:\/\/www.inmomaspinell.com\/blog\/es\/wp-json\/wp\/v2\/media?parent=346"}],"wp:term":[{"taxonomy":"category","embeddable":true,"href":"https:\/\/www.inmomaspinell.com\/blog\/es\/wp-json\/wp\/v2\/categories?post=346"},{"taxonomy":"post_tag","embeddable":true,"href":"https:\/\/www.inmomaspinell.com\/blog\/es\/wp-json\/wp\/v2\/tags?post=346"}],"curies":[{"name":"wp","href":"https:\/\/api.w.org\/{rel}","templated":true}]}}