{"id":472,"date":"2019-10-06T14:39:34","date_gmt":"2019-10-06T14:39:34","guid":{"rendered":"https:\/\/www.inmomaspinell.com\/blog\/?p=472"},"modified":"2019-12-05T13:00:10","modified_gmt":"2019-12-05T13:00:10","slug":"casa-con-jardin-privado-en-platja-de-pals","status":"publish","type":"post","link":"https:\/\/www.inmomaspinell.com\/blog\/es\/casa-con-jardin-privado-en-platja-de-pals\/","title":{"rendered":"Casa con jard\u00edn privado en Platja de Pals"},"content":{"rendered":"<p><strong>Reservas Mas Pinell<\/strong> te ofrece alojamientos en varias localidades de la magn\u00edfica y popular <a href=\"https:\/\/www.inmomaspinell.com\/blog\/es\/la-costa-brava-una-vision-general\/\">Costa Brava<\/a>: Begur, Estartit, Mas Pinell&#8230; Hoy queremos presentarte <strong>una estupenda casa con jard\u00edn privado en Platja de Pals<\/strong>, situada en una tranquila zona residencial, con WiFi y televisi\u00f3n por sat\u00e9lite gratuitos (espa\u00f1ol, alem\u00e1n, franc\u00e9s, ingl\u00e9s).<\/p>\n<p>Destaca su <strong>amplio y cuidado jard\u00edn privado vallado<\/strong>, perfecto para comer al aire libre, hacer una barbacoa, tomar el sol o relajarte. Desde el jard\u00edn se accede a la piscina comunitaria, compartida solamente con otras 7 casas m\u00e1s.<\/p>\n<p>Tiene <strong>capacidad m\u00e1xima para 7 personas<\/strong>.\u00a0En la planta superior hay 3 dormitorios (dormitorio principal con cama doble, segundo dormitorio con 2 camas individuales y tercer dormitorio con literas + 1 cama individual) y 2 ba\u00f1os (uno de ellos ensuite y el otro para compartir). El dormitorio principal dispone de aire acondicionado, suficiente para refrescar la planta alta de la casa.<\/p>\n<p><img loading=\"lazy\" decoding=\"async\" class=\"aligncenter wp-image-479\" src=\"https:\/\/www.inmomaspinell.com\/blog\/wp-content\/uploads\/2018\/12\/DSC_0045.jpg\" alt=\"Casa con jard\u00edn privado en Platja de Pals\" width=\"778\" height=\"518\" srcset=\"https:\/\/www.inmomaspinell.com\/blog\/wp-content\/uploads\/2018\/12\/DSC_0045.jpg 3008w, https:\/\/www.inmomaspinell.com\/blog\/wp-content\/uploads\/2018\/12\/DSC_0045-360x240.jpg 360w, https:\/\/www.inmomaspinell.com\/blog\/wp-content\/uploads\/2018\/12\/DSC_0045-768x511.jpg 768w\" sizes=\"auto, (max-width: 778px) 100vw, 778px\" \/><\/p>\n<p>En la planta baja de esta casa hay un agradable sal\u00f3n con estufa de pellets, una amplia cocina abierta totalmente equipada con zona de comedor y un aseo. Desde el sal\u00f3n se accede al porche y al jard\u00edn privado con muebles de exterior y tumbonas.<\/p>\n<p>La <strong>Platja de Pals est\u00e1 a unos 1000 metros<\/strong> de distancia. Es una playa amplia y arenosa con vistas panor\u00e1micas \u00fanicas, ideal para disfrutar en familia, practicar deportes acu\u00e1ticos, pasear, descansar o contemplar el paisaje y las magn\u00edficas vistas con las <strong>Islas Medes<\/strong> al fondo.<\/p>\n<p><img loading=\"lazy\" decoding=\"async\" class=\"aligncenter wp-image-480\" src=\"https:\/\/www.inmomaspinell.com\/blog\/wp-content\/uploads\/2018\/12\/Platja-de-Pals.jpg\" alt=\"Platja de Pals\" width=\"780\" height=\"520\" srcset=\"https:\/\/www.inmomaspinell.com\/blog\/wp-content\/uploads\/2018\/12\/Platja-de-Pals.jpg 1800w, https:\/\/www.inmomaspinell.com\/blog\/wp-content\/uploads\/2018\/12\/Platja-de-Pals-360x240.jpg 360w, https:\/\/www.inmomaspinell.com\/blog\/wp-content\/uploads\/2018\/12\/Platja-de-Pals-768x512.jpg 768w\" sizes=\"auto, (max-width: 780px) 100vw, 780px\" \/><\/p>\n<p>Se divide en 2 sectores. Al norte encontramos la\u00a0<strong>Platja del Grau<\/strong>, tranquila, poco profunda, de arena fina y dorada que enlaza, hacia el sur, con<strong>\u00a0la Platja Gran<\/strong>, m\u00e1s profunda y de arena m\u00e1s granulada. En los dos sectores encontrar\u00e1s restaurantes, bares con terraza y tiendas.<\/p>\n<p>Reserva esta casa con jard\u00edn privado en Platja de <a href=\"http:\/\/www.visitpals.com\/es\/descubrir\/playas\/\">Pals<\/a> en\u00a0nuestra web y ven a disfrutar de la Costa Brava. \u00a1No te arrepentir\u00e1s!<\/p>\n<p style=\"text-align: center;\"><a style=\"background-color: #00948f; text-align: center; -moz-border-radius: 3px; -webkit-border-radius: 3px; border-radius: 3px; display: inline-block; cursor: pointer; color: #ffffff; font-family: Helvetica; font-size: 17px; padding: 7px 7px; text-decoration: none;\" href=\"https:\/\/www.reservasmaspinell.com\/es\/\">Reserva tu alojamiento con nosotros<\/a><\/p>\n","protected":false},"excerpt":{"rendered":"<p>Reservas Mas Pinell te ofrece alojamientos en varias localidades de la magn\u00edfica y popular Costa Brava: Begur, Estartit, Mas Pinell&#8230;&#8230;<\/p>\n","protected":false},"author":2,"featured_media":473,"comment_status":"open","ping_status":"open","sticky":false,"template":"","format":"standard","meta":{"footnotes":""},"categories":[4],"tags":[78,77,32,33,43,79,80,35,50,81],"class_list":["post-472","post","type-post","status-publish","format-standard","has-post-thumbnail","hentry","category-alquiler-vacacional","tag-alquiler","tag-casa","tag-cataluna","tag-costa-brava","tag-jardin","tag-pals","tag-platja-de-pals","tag-playa","tag-vacaciones","tag-verano"],"_links":{"self":[{"href":"https:\/\/www.inmomaspinell.com\/blog\/es\/wp-json\/wp\/v2\/posts\/472","targetHints":{"allow":["GET"]}}],"collection":[{"href":"https:\/\/www.inmomaspinell.com\/blog\/es\/wp-json\/wp\/v2\/posts"}],"about":[{"href":"https:\/\/www.inmomaspinell.com\/blog\/es\/wp-json\/wp\/v2\/types\/post"}],"author":[{"embeddable":true,"href":"https:\/\/www.inmomaspinell.com\/blog\/es\/wp-json\/wp\/v2\/users\/2"}],"replies":[{"embeddable":true,"href":"https:\/\/www.inmomaspinell.com\/blog\/es\/wp-json\/wp\/v2\/comments?post=472"}],"version-history":[{"count":14,"href":"https:\/\/www.inmomaspinell.com\/blog\/es\/wp-json\/wp\/v2\/posts\/472\/revisions"}],"predecessor-version":[{"id":825,"href":"https:\/\/www.inmomaspinell.com\/blog\/es\/wp-json\/wp\/v2\/posts\/472\/revisions\/825"}],"wp:featuredmedia":[{"embeddable":true,"href":"https:\/\/www.inmomaspinell.com\/blog\/es\/wp-json\/wp\/v2\/media\/473"}],"wp:attachment":[{"href":"https:\/\/www.inmomaspinell.com\/blog\/es\/wp-json\/wp\/v2\/media?parent=472"}],"wp:term":[{"taxonomy":"category","embeddable":true,"href":"https:\/\/www.inmomaspinell.com\/blog\/es\/wp-json\/wp\/v2\/categories?post=472"},{"taxonomy":"post_tag","embeddable":true,"href":"https:\/\/www.inmomaspinell.com\/blog\/es\/wp-json\/wp\/v2\/tags?post=472"}],"curies":[{"name":"wp","href":"https:\/\/api.w.org\/{rel}","templated":true}]}}