{"id":486,"date":"2019-02-05T15:32:18","date_gmt":"2019-02-05T15:32:18","guid":{"rendered":"https:\/\/www.inmomaspinell.com\/blog\/?p=486"},"modified":"2019-12-05T12:52:23","modified_gmt":"2019-12-05T12:52:23","slug":"platja-de-pals-en-la-costa-brava","status":"publish","type":"post","link":"https:\/\/www.inmomaspinell.com\/blog\/es\/platja-de-pals-en-la-costa-brava\/","title":{"rendered":"Platja de Pals, una bella playa en la Costa Brava"},"content":{"rendered":"<p><strong>Platja de Pals<\/strong>, en la <a href=\"https:\/\/www.inmomaspinell.com\/blog\/es\/la-costa-brava-una-vision-general\/\">Costa Brava,<\/a> es un\u00a0enorme arenal\u00a0de <strong>3,5 kil\u00f3metros<\/strong> que forma parte del Parque Natural del Montgr\u00ed, las Islas Medas y el Bajo Ter.<\/p>\n<p>Es perfecta tanto para aquellos que buscan\u00a0practicar deporte en la arena\u00a0como los que quieren un lugar tranquilo para\u00a0disfrutar en familia<strong>.<\/strong>\u00a0Adem\u00e1s, cuenta con una\u00a0<strong>zona nudista\u00a0en Platja Gran<\/strong>, ideal para los amantes del naturismo.<\/p>\n<p><img loading=\"lazy\" decoding=\"async\" class=\"aligncenter wp-image-498\" src=\"https:\/\/www.inmomaspinell.com\/blog\/wp-content\/uploads\/2018\/12\/Platja-de-Pals_03.jpg\" alt=\"La preciosa Platja de Pals en la Costa Brava\" width=\"761\" height=\"571\" srcset=\"https:\/\/www.inmomaspinell.com\/blog\/wp-content\/uploads\/2018\/12\/Platja-de-Pals_03.jpg 1066w, https:\/\/www.inmomaspinell.com\/blog\/wp-content\/uploads\/2018\/12\/Platja-de-Pals_03-768x576.jpg 768w\" sizes=\"auto, (max-width: 761px) 100vw, 761px\" \/><\/p>\n<p>No hay paseo mar\u00edtimo, pero encontraremos\u00a0dunas protegidas y pasarelas\u00a0por las que podremos movernos. Adem\u00e1s encontrar\u00e1s duchas, ba\u00f1os p\u00fablicos, un puesto de informaci\u00f3n tur\u00edstica, puestos de socorrismo, aparcamiento, accesos para personas con movilidad reducida y chiringuitos en los que podr\u00e1s tomar algo mientras disfrutas de sus vistas panor\u00e1micas.<\/p>\n<p>A veces, el viento del Levante y la Tramontana provocan buenas condiciones para la pr\u00e1ctica del <strong>surf<\/strong>, <strong>windsurf<\/strong> o <strong>kitesurf<\/strong>, por lo que esta playa es un lugar ideal para practicar deportes acu\u00e1ticos y la vela.<\/p>\n<p>Platja de Pals se divide en dos partes diferenciadas:<\/p>\n<div>\n<ul>\n<li><strong>Platja del Grau<\/strong> es la que se sit\u00faa m\u00e1s al norte y disfruta de arena suave y aguas poco profundas, perfectas para ni\u00f1os. En la parte norte de la playa se encuentra el\u00a0<strong>Club de Golf de Platja de Pals<\/strong>, el campo de golf m\u00e1s antiguo de la Costa Brava.<\/li>\n<\/ul>\n<p><img loading=\"lazy\" decoding=\"async\" class=\"alignnone wp-image-497 aligncenter\" src=\"https:\/\/www.inmomaspinell.com\/blog\/wp-content\/uploads\/2018\/12\/Platja-de-Pals_02.jpg\" alt=\"La preciosa Platja de Pals en la Costa Brava\" width=\"763\" height=\"510\" srcset=\"https:\/\/www.inmomaspinell.com\/blog\/wp-content\/uploads\/2018\/12\/Platja-de-Pals_02.jpg 1024w, https:\/\/www.inmomaspinell.com\/blog\/wp-content\/uploads\/2018\/12\/Platja-de-Pals_02-360x240.jpg 360w, https:\/\/www.inmomaspinell.com\/blog\/wp-content\/uploads\/2018\/12\/Platja-de-Pals_02-768x514.jpg 768w\" sizes=\"auto, (max-width: 763px) 100vw, 763px\" \/><\/p>\n<ul>\n<li>Al sur encontraremos <strong>Platja Gran<\/strong>, de arena m\u00e1s \u00e1spera, y donde la profundidad del agua aumenta bastante r\u00e1pido, por lo que no es la m\u00e1s apropiada para los ni\u00f1os.<\/li>\n<\/ul>\n<div>\n<p>Platja de Pals se sit\u00faa a tan solo 3 kil\u00f3metros del<strong>\u00a0centro urbano de Pals<\/strong>. Llegar es muy sencillo, ya que solo tendremos que seguir la l\u00ednea costera. La distancia desde\u00a0<strong>Girona<\/strong>\u00a0tampoco es muy grande, en torno a unos 45km.<\/p>\n<\/div>\n<p>\u00bfTe ha gustado este art\u00edculo sobre Platja de Pals (Costa Brava)? \u00a1Haz click abajo\u00a0y reserva tu alojamiento ya!<\/p>\n<p style=\"text-align: center;\"><a style=\"background-color: #00948f; text-align: center; -moz-border-radius: 3px; -webkit-border-radius: 3px; border-radius: 3px; display: inline-block; cursor: pointer; color: #ffffff; font-family: Helvetica; font-size: 17px; padding: 7px 7px; text-decoration: none;\" href=\"https:\/\/www.reservasmaspinell.com\/es\/\">Reserva tu alojamiento con nosotros<\/a><\/p>\n<p>&nbsp;<\/p>\n<\/div>\n","protected":false},"excerpt":{"rendered":"<p>Platja de Pals, en la Costa Brava, es un\u00a0enorme arenal\u00a0de 3,5 kil\u00f3metros que forma parte del Parque Natural del Montgr\u00ed,&#8230;<\/p>\n","protected":false},"author":2,"featured_media":836,"comment_status":"open","ping_status":"open","sticky":false,"template":"","format":"standard","meta":{"footnotes":""},"categories":[8],"tags":[32,33,79,80,35],"class_list":["post-486","post","type-post","status-publish","format-standard","has-post-thumbnail","hentry","category-informacion-turistica","tag-cataluna","tag-costa-brava","tag-pals","tag-platja-de-pals","tag-playa"],"_links":{"self":[{"href":"https:\/\/www.inmomaspinell.com\/blog\/es\/wp-json\/wp\/v2\/posts\/486","targetHints":{"allow":["GET"]}}],"collection":[{"href":"https:\/\/www.inmomaspinell.com\/blog\/es\/wp-json\/wp\/v2\/posts"}],"about":[{"href":"https:\/\/www.inmomaspinell.com\/blog\/es\/wp-json\/wp\/v2\/types\/post"}],"author":[{"embeddable":true,"href":"https:\/\/www.inmomaspinell.com\/blog\/es\/wp-json\/wp\/v2\/users\/2"}],"replies":[{"embeddable":true,"href":"https:\/\/www.inmomaspinell.com\/blog\/es\/wp-json\/wp\/v2\/comments?post=486"}],"version-history":[{"count":17,"href":"https:\/\/www.inmomaspinell.com\/blog\/es\/wp-json\/wp\/v2\/posts\/486\/revisions"}],"predecessor-version":[{"id":833,"href":"https:\/\/www.inmomaspinell.com\/blog\/es\/wp-json\/wp\/v2\/posts\/486\/revisions\/833"}],"wp:featuredmedia":[{"embeddable":true,"href":"https:\/\/www.inmomaspinell.com\/blog\/es\/wp-json\/wp\/v2\/media\/836"}],"wp:attachment":[{"href":"https:\/\/www.inmomaspinell.com\/blog\/es\/wp-json\/wp\/v2\/media?parent=486"}],"wp:term":[{"taxonomy":"category","embeddable":true,"href":"https:\/\/www.inmomaspinell.com\/blog\/es\/wp-json\/wp\/v2\/categories?post=486"},{"taxonomy":"post_tag","embeddable":true,"href":"https:\/\/www.inmomaspinell.com\/blog\/es\/wp-json\/wp\/v2\/tags?post=486"}],"curies":[{"name":"wp","href":"https:\/\/api.w.org\/{rel}","templated":true}]}}