{"id":61,"date":"2018-11-03T12:11:32","date_gmt":"2018-11-03T12:11:32","guid":{"rendered":"http:\/\/www.inmomaspinell.com\/blog\/?p=61"},"modified":"2019-12-05T12:58:10","modified_gmt":"2019-12-05T12:58:10","slug":"la-cultura-y-los-monumentos-de-la-costa-brava","status":"publish","type":"post","link":"https:\/\/www.inmomaspinell.com\/blog\/es\/la-cultura-y-los-monumentos-de-la-costa-brava\/","title":{"rendered":"La cultura y los monumentos de la Costa Brava"},"content":{"rendered":"<p>Las <a href=\"https:\/\/www.inmomaspinell.com\/blog\/es\/las-playas-de-la-costa-brava\/\">playas,\u00a0<\/a>la cultura y los monumentos de la Costa Brava hacen que esta maravillosa zona de Catalu\u00f1a sea de los destinos tur\u00edsticos espa\u00f1oles m\u00e1s populares. La Costa Brava tiene sus visitas imprescindibles, y en esta p\u00e1gina intentaremos reunir algunas de las m\u00e1s importantes, pero hay muchas m\u00e1s.<\/p>\n<p>La <strong>riqueza cultural de la Costa Brava<\/strong> y <strong>Girona<\/strong> han dado lugar a interesantes museos de todas las \u00e9pocas y estilos, desde los primeros <strong>poblados \u00edberos<\/strong>, tiempos <strong>greco-romanos<\/strong> y hasta nuestros tiempos. Las visitas imprescindibles en esta bonita y popular zona:<\/p>\n<ul>\n<li>Si eres un apasionado de la obra de <strong>Salvador\u00a0Dal\u00ed<\/strong>\u00a0no puedes perderte el tri\u00e1ngulo Daliniano, formado por el <strong>Museo-Teatro<\/strong> de Figueres, el <strong>castillo de P\u00fabol<\/strong> y su <strong>casa en Portlligat<\/strong>. Una visita al museo-teatro de Dal\u00ed gustar\u00e1 tanto a los m\u00e1s peque\u00f1os de la casa como a los adultos. Si necesitas m\u00e1s informaci\u00f3n y quieres reservar entra en la web\u00a0<a href=\"https:\/\/www.salvador-dali.org\/es\/\">www.salvador-dali.org.<\/a><\/li>\n<\/ul>\n<p><img loading=\"lazy\" decoding=\"async\" class=\"aligncenter wp-image-37\" src=\"https:\/\/www.inmomaspinell.com\/blog\/wp-content\/uploads\/2018\/03\/dali_figueres2.jpg\" alt=\"La cultura y los monumentos de la Costa Brava - Museo Dal\u00ed\" width=\"929\" height=\"526\" srcset=\"https:\/\/www.inmomaspinell.com\/blog\/wp-content\/uploads\/2018\/03\/dali_figueres2.jpg 1060w, https:\/\/www.inmomaspinell.com\/blog\/wp-content\/uploads\/2018\/03\/dali_figueres2-768x435.jpg 768w\" sizes=\"auto, (max-width: 929px) 100vw, 929px\" \/><\/p>\n<div class=\"mail\">\n<ul>\n<li>El <strong>castillo del Montgr\u00ed<\/strong> nunca lleg\u00f3 a ser terminado, pero sus\u00a0<strong>vistas panor\u00e1micas<\/strong> al <strong>Empord\u00e0<\/strong>, mientras te pones en forma, bien merecen una visita.<\/li>\n<\/ul>\n<p><img loading=\"lazy\" decoding=\"async\" class=\"aligncenter wp-image-42\" src=\"https:\/\/www.inmomaspinell.com\/blog\/wp-content\/uploads\/2018\/03\/montgri-castle.jpeg\" alt=\"La cultura y los monumentos de la Costa Brava - Castillo de Montgr\u00ed\" width=\"932\" height=\"466\" srcset=\"https:\/\/www.inmomaspinell.com\/blog\/wp-content\/uploads\/2018\/03\/montgri-castle.jpeg 1000w, https:\/\/www.inmomaspinell.com\/blog\/wp-content\/uploads\/2018\/03\/montgri-castle-768x384.jpeg 768w\" sizes=\"auto, (max-width: 932px) 100vw, 932px\" \/><\/p>\n<\/div>\n<ul>\n<li>En esta zona tambi\u00e9n podr\u00e1s visitar el mayor poblado \u00edbero en Catalu\u00f1a (siglo VI a.C) del que se conserva gran parte de la muralla, restos de viviendas, cisternas, silos, templos\u2026<\/li>\n<li>Una visita a la bella\u00a0<strong>Besal\u00fa<\/strong> te transportar\u00e1 a la edad medieval. A finales de agosto, la <strong>Feria Medieval<\/strong>, recrea mercados de la \u00e9poca.<\/li>\n<\/ul>\n<p><img loading=\"lazy\" decoding=\"async\" class=\"aligncenter wp-image-40\" src=\"https:\/\/www.inmomaspinell.com\/blog\/wp-content\/uploads\/2018\/03\/besalu-1.jpg\" alt=\"La cultura y los monumentos de la Costa Brava - Besal\u00fa\" width=\"944\" height=\"534\" srcset=\"https:\/\/www.inmomaspinell.com\/blog\/wp-content\/uploads\/2018\/03\/besalu-1.jpg 1060w, https:\/\/www.inmomaspinell.com\/blog\/wp-content\/uploads\/2018\/03\/besalu-1-768x435.jpg 768w\" sizes=\"auto, (max-width: 944px) 100vw, 944px\" \/><\/p>\n<div class=\"mail\">\n<p>La cercan\u00eda de Barcelona es una buena excusa para hacer una visita a la ciudad condal, y gustar\u00e1 a toda la familia. Visitas t\u00edpicas en Barcelona: el Camp Nou, Casa Mil\u00e0 o el parque G\u00fcell de Gaud\u00ed, la Sagrada Familia\u2026 \u00a1hay tanto por ver! Informaci\u00f3n sobre el City Tour Barcelona : <a class=\"moz-txt-link-freetext\" href=\"http:\/\/www.barcelonacitytour.cat\/\" target=\"_blank\" rel=\"noopener\">http:\/\/www.barcelonacitytour.cat\/<\/a><\/p>\n<p>\u00bfQuieres venir a conocer la cultura y los monumentos de la Costa Brava? \u00a1Haz click abajo y reservar tu alojamiento ya!<\/p>\n<p style=\"text-align: center;\"><a style=\"background-color: #00948f; text-align: center; -moz-border-radius: 3px; -webkit-border-radius: 3px; border-radius: 3px; display: inline-block; cursor: pointer; color: #ffffff; font-family: Helvetica; font-size: 17px; padding: 7px 7px; text-decoration: none;\" href=\"https:\/\/www.reservasmaspinell.com\/es\/\">Reserva tu alojamiento con nosotros<\/a><\/p>\n<\/div>\n","protected":false},"excerpt":{"rendered":"<p>Las playas,\u00a0la cultura y los monumentos de la Costa Brava hacen que esta maravillosa zona de Catalu\u00f1a sea de los&#8230;<\/p>\n","protected":false},"author":2,"featured_media":36,"comment_status":"open","ping_status":"open","sticky":false,"template":"","format":"standard","meta":{"footnotes":""},"categories":[8],"tags":[32,33,49,34,59,35,60],"class_list":["post-61","post","type-post","status-publish","format-standard","has-post-thumbnail","hentry","category-informacion-turistica","tag-cataluna","tag-costa-brava","tag-cultura","tag-girona","tag-monumentos","tag-playa","tag-visitas"],"_links":{"self":[{"href":"https:\/\/www.inmomaspinell.com\/blog\/es\/wp-json\/wp\/v2\/posts\/61","targetHints":{"allow":["GET"]}}],"collection":[{"href":"https:\/\/www.inmomaspinell.com\/blog\/es\/wp-json\/wp\/v2\/posts"}],"about":[{"href":"https:\/\/www.inmomaspinell.com\/blog\/es\/wp-json\/wp\/v2\/types\/post"}],"author":[{"embeddable":true,"href":"https:\/\/www.inmomaspinell.com\/blog\/es\/wp-json\/wp\/v2\/users\/2"}],"replies":[{"embeddable":true,"href":"https:\/\/www.inmomaspinell.com\/blog\/es\/wp-json\/wp\/v2\/comments?post=61"}],"version-history":[{"count":18,"href":"https:\/\/www.inmomaspinell.com\/blog\/es\/wp-json\/wp\/v2\/posts\/61\/revisions"}],"predecessor-version":[{"id":650,"href":"https:\/\/www.inmomaspinell.com\/blog\/es\/wp-json\/wp\/v2\/posts\/61\/revisions\/650"}],"wp:featuredmedia":[{"embeddable":true,"href":"https:\/\/www.inmomaspinell.com\/blog\/es\/wp-json\/wp\/v2\/media\/36"}],"wp:attachment":[{"href":"https:\/\/www.inmomaspinell.com\/blog\/es\/wp-json\/wp\/v2\/media?parent=61"}],"wp:term":[{"taxonomy":"category","embeddable":true,"href":"https:\/\/www.inmomaspinell.com\/blog\/es\/wp-json\/wp\/v2\/categories?post=61"},{"taxonomy":"post_tag","embeddable":true,"href":"https:\/\/www.inmomaspinell.com\/blog\/es\/wp-json\/wp\/v2\/tags?post=61"}],"curies":[{"name":"wp","href":"https:\/\/api.w.org\/{rel}","templated":true}]}}