{"id":906,"date":"2019-03-17T12:27:21","date_gmt":"2019-03-17T12:27:21","guid":{"rendered":"https:\/\/www.inmomaspinell.com\/blog\/?p=906"},"modified":"2019-12-05T12:58:57","modified_gmt":"2019-12-05T12:58:57","slug":"la-semana-santa-en-la-costa-brava","status":"publish","type":"post","link":"https:\/\/www.inmomaspinell.com\/blog\/es\/la-semana-santa-en-la-costa-brava\/","title":{"rendered":"La Semana Santa en la Costa Brava"},"content":{"rendered":"<p>La <strong>Semana Santa<\/strong> es una de las tradiciones religiosas y festivas m\u00e1s arraigadas en Espa\u00f1a en la que se conmemora la Pasi\u00f3n, la Muerte y la Resurrecci\u00f3n de Jes\u00fas de Nazaret. Si quieres adentrarte en las costumbres y en las fiestas m\u00e1s cl\u00e1sicas de estas celebraciones, disfrutar de unos d\u00edas en la <a href=\"https:\/\/www.inmomaspinell.com\/blog\/es\/la-costa-brava-una-vision-general\/\">Costa Brava<\/a>\u00a0es un plan ideal.<\/p>\n<p>Algunos de los eventos m\u00e1s destacados en la Costa Brava durante la Semana Santa son:<\/p>\n<p>En la provincia de Girona las celebraciones se inician el\u00a0<strong>Viernes de los Dolores<\/strong>\u00a0con las\u00a0 procesiones de Nuestra Se\u00f1ora de los Dolores, que rememora el sufrimiento de Mar\u00eda al conocer el destino de su hijo Jes\u00fas. Este desfile es seguido en otras localidades como <strong>Banyoles<\/strong>, <strong>Palafrugell<\/strong> o <strong>Besal\u00fa<\/strong>. Este \u00faltimo es de especial belleza, ya que cuenta con un escenario medieval de gran valor\u00a0 arquitect\u00f3nico y tur\u00edstico.<\/p>\n<p><img loading=\"lazy\" decoding=\"async\" class=\"aligncenter wp-image-910\" src=\"https:\/\/www.inmomaspinell.com\/blog\/wp-content\/uploads\/2019\/04\/Dolorosa.jpg\" alt=\"La Semana Santa en la Costa Brava\" width=\"823\" height=\"337\" srcset=\"https:\/\/www.inmomaspinell.com\/blog\/wp-content\/uploads\/2019\/04\/Dolorosa.jpg 1100w, https:\/\/www.inmomaspinell.com\/blog\/wp-content\/uploads\/2019\/04\/Dolorosa-768x314.jpg 768w\" sizes=\"auto, (max-width: 823px) 100vw, 823px\" \/><\/p>\n<p>La famosa procesi\u00f3n de <strong>Verges<\/strong> es tambi\u00e9n conocida por su <strong>Danza de la Muerte<\/strong>, una de las celebraciones de Semana Santa m\u00e1s destacada de la Costa Brava. Se celebra de noche, por las calles del pueblo con antorchas, y las personas se visten de esqueletos y bailan con el ritmo de los tambores. Esta celebraci\u00f3n se hace en el Jueves Santo, y empiezan a las 17:00h hasta las 22:00h.<\/p>\n<p><img loading=\"lazy\" decoding=\"async\" class=\"alignnone wp-image-911 aligncenter\" src=\"https:\/\/www.inmomaspinell.com\/blog\/wp-content\/uploads\/2019\/04\/Danza-de-la-muerte.jpg\" alt=\"\" width=\"825\" height=\"464\" srcset=\"https:\/\/www.inmomaspinell.com\/blog\/wp-content\/uploads\/2019\/04\/Danza-de-la-muerte.jpg 992w, https:\/\/www.inmomaspinell.com\/blog\/wp-content\/uploads\/2019\/04\/Danza-de-la-muerte-768x432.jpg 768w\" sizes=\"auto, (max-width: 825px) 100vw, 825px\" \/><\/p>\n<p>Otro de los actos tradicionales es el <strong><em>Via Crucis<\/em><\/strong>, en el que se representa la pasi\u00f3n y muerte de Jes\u00fas durante su camino al Calvario. El m\u00e1s destacado es el\u00a0<strong><em>Via Crucis<\/em>\u00a0viviente de Sant Hilari Sacalm<\/strong>\u00a0que comienza con el Juicio de Poncio Pilato en la plaza de la Iglesia, para despu\u00e9s seguir avanzando lentamente hasta las afueras del pueblo, donde se escenifica la Crucifixi\u00f3n de Cristo.<\/p>\n<p><img loading=\"lazy\" decoding=\"async\" class=\"wp-image-914 aligncenter\" src=\"https:\/\/www.inmomaspinell.com\/blog\/wp-content\/uploads\/2019\/04\/Sant-Hilari-Sacalm-Via-Crucis.jpg\" alt=\"\" width=\"817\" height=\"610\" srcset=\"https:\/\/www.inmomaspinell.com\/blog\/wp-content\/uploads\/2019\/04\/Sant-Hilari-Sacalm-Via-Crucis.jpg 850w, https:\/\/www.inmomaspinell.com\/blog\/wp-content\/uploads\/2019\/04\/Sant-Hilari-Sacalm-Via-Crucis-768x574.jpg 768w\" sizes=\"auto, (max-width: 817px) 100vw, 817px\" \/><\/p>\n<p>Vivir la Semana Santa en la Costa Brava es siempre un plan acertado, ya que hay planes para todos los gustos. Si necesitas d\u00f3nde quedarte haz clic abajo y reserva tu alojamiento con nosotros:<\/p>\n<p style=\"text-align: center;\"><a style=\"background-color: #00948f; text-align: center; -moz-border-radius: 3px; -webkit-border-radius: 3px; border-radius: 3px; display: inline-block; cursor: pointer; color: #ffffff; font-family: Helvetica; font-size: 17px; padding: 7px 7px; text-decoration: none;\" href=\"https:\/\/www.reservasmaspinell.com\/es\/\">Reserva tu alojamiento con nosotros<\/a><\/p>\n","protected":false},"excerpt":{"rendered":"<p>La Semana Santa es una de las tradiciones religiosas y festivas m\u00e1s arraigadas en Espa\u00f1a en la que se conmemora&#8230;<\/p>\n","protected":false},"author":2,"featured_media":917,"comment_status":"open","ping_status":"open","sticky":false,"template":"","format":"standard","meta":{"footnotes":""},"categories":[8],"tags":[32,33,274,273,50],"class_list":["post-906","post","type-post","status-publish","format-standard","has-post-thumbnail","hentry","category-informacion-turistica","tag-cataluna","tag-costa-brava","tag-procesiones","tag-semana-santa","tag-vacaciones"],"_links":{"self":[{"href":"https:\/\/www.inmomaspinell.com\/blog\/es\/wp-json\/wp\/v2\/posts\/906","targetHints":{"allow":["GET"]}}],"collection":[{"href":"https:\/\/www.inmomaspinell.com\/blog\/es\/wp-json\/wp\/v2\/posts"}],"about":[{"href":"https:\/\/www.inmomaspinell.com\/blog\/es\/wp-json\/wp\/v2\/types\/post"}],"author":[{"embeddable":true,"href":"https:\/\/www.inmomaspinell.com\/blog\/es\/wp-json\/wp\/v2\/users\/2"}],"replies":[{"embeddable":true,"href":"https:\/\/www.inmomaspinell.com\/blog\/es\/wp-json\/wp\/v2\/comments?post=906"}],"version-history":[{"count":10,"href":"https:\/\/www.inmomaspinell.com\/blog\/es\/wp-json\/wp\/v2\/posts\/906\/revisions"}],"predecessor-version":[{"id":921,"href":"https:\/\/www.inmomaspinell.com\/blog\/es\/wp-json\/wp\/v2\/posts\/906\/revisions\/921"}],"wp:featuredmedia":[{"embeddable":true,"href":"https:\/\/www.inmomaspinell.com\/blog\/es\/wp-json\/wp\/v2\/media\/917"}],"wp:attachment":[{"href":"https:\/\/www.inmomaspinell.com\/blog\/es\/wp-json\/wp\/v2\/media?parent=906"}],"wp:term":[{"taxonomy":"category","embeddable":true,"href":"https:\/\/www.inmomaspinell.com\/blog\/es\/wp-json\/wp\/v2\/categories?post=906"},{"taxonomy":"post_tag","embeddable":true,"href":"https:\/\/www.inmomaspinell.com\/blog\/es\/wp-json\/wp\/v2\/tags?post=906"}],"curies":[{"name":"wp","href":"https:\/\/api.w.org\/{rel}","templated":true}]}}