{"id":204,"date":"2018-06-02T09:35:19","date_gmt":"2018-06-02T09:35:19","guid":{"rendered":"https:\/\/www.inmomaspinell.com\/blog\/?p=204"},"modified":"2019-12-05T13:24:43","modified_gmt":"2019-12-05T13:24:43","slug":"fetes-et-traditions-catalanes-le-correfoc-et-les-diables","status":"publish","type":"post","link":"https:\/\/www.inmomaspinell.com\/blog\/fr\/fetes-et-traditions-catalanes-le-correfoc-et-les-diables\/","title":{"rendered":"F\u00eates et traditions catalanes: Le Correfoc et les &#8220;Diables&#8221;"},"content":{"rendered":"<p>Le <strong>Correfoc<\/strong> est un spectacle qui se d\u00e9roule dans les rues des villes et villages, o\u00f9 l&#8217;objectif est d&#8217;\u00e9viter la <strong>pyrotechnie<\/strong> utilis\u00e9e par les &#8220;Diables&#8221; et les \u00eatres imaginaires et mythologiques \u00e0 qui elle est repr\u00e9sent\u00e9e. C&#8217;est un \u00e9v\u00e9nement qui se d\u00e9roule principalement en Catalogne, mais s&#8217;est \u00e9galement propag\u00e9 \u00e0 travers Valence, les \u00eeles Bal\u00e9ares et le nord de la Catalogne. Il a ses racines dans la Danse des Diables d\u00e9j\u00e0 document\u00e9e au XIIe si\u00e8cle, mais ce n&#8217;est que le vingti\u00e8me si\u00e8cle qu&#8217;il a pris sa forme actuelle.<\/p>\n<p>Le terme Correfoc est apparu dans diff\u00e9rents grands festivals ou c\u00e9l\u00e9brations populaires de la Catalogne, comme une manifestation improvis\u00e9e du peuple, des dragons et des &#8220;Diables&#8221; qui ont agi en courant, en sautant et en dansant ensemble sous le feu. Pendant la d\u00e9cennie des ann\u00e9es 80 et 90 il s&#8217;est r\u00e9pandu dans toute la g\u00e9ographie des pays catalans.<\/p>\n<p style=\"text-align: center;\"><img loading=\"lazy\" decoding=\"async\" class=\"alignnone\" style=\"with: 100%;\" src=\"https:\/\/www.inmomaspinell.com\/blog\/wp-content\/uploads\/2018\/07\/correfocmerce15-196.jpg\" alt=\"F\u00eates et traditions catalanes: Le Correfoc et les &quot;Diables&quot;\" width=\"788\" height=\"534\" \/><\/p>\n<p>Bien que ce soit une tradition fascinante et tr\u00e8s amusante \u00e0 laquelle tout le monde peut participer, vous devez \u00eatre conscient que cela peut \u00eatre dangereux si vous ne prenez pas soin de vous. Alors voici quelques recommandations pour profiter de cette grande f\u00eate!<\/p>\n<ul>\n<li><strong>Go bien couvert:\u00a0<\/strong>On sait, c&#8217;est l&#8217;\u00e9t\u00e9, il fait chaud, mais on ne veut pas se retrouver plein de burns, donc un pantalon long (un jean est id\u00e9al), un sweat-shirt et un chapeau de paille pour prot\u00e9ger la t\u00eate.<\/li>\n<li><strong>Ne se noient pas:\u00a0<\/strong>La quantit\u00e9 de pi\u00e8ces pyrotechniques utilis\u00e9es dans les Correfocs est immense et ajout\u00e9e aux rues \u00e9troites de beaucoup de villes catalanes et le peuple, reste \u00e0 peine respirer; Cependant, ne vous laissez pas d\u00e9border, attachez des foulards autour du cou et couvrez votre bouche pour filtrer l&#8217;air.<\/li>\n<li><strong>Care avec les yeux:\u00a0<\/strong>Les \u00e9tincelles sont un danger, non seulement pour votre peau, mais aussi pour vos yeux. Ma recommandation est que vous portiez des lunettes de natation, bien que cela paraisse une blague ils sont tr\u00e8s efficaces, vous l&#8217;appr\u00e9cierez;)<\/li>\n<li><strong>Compatible et ajust\u00e9 hauteur:\u00a0<\/strong>Vous allez courir, bouger et recevoir plus d&#8217;une pouss\u00e9e, alors il vaudra mieux porter des chaussures confortables et serr\u00e9es.<\/li>\n<li><strong>Beaucoup d&#8217;eau:\u00a0<\/strong>Vous aurez tr\u00e8s chaud et vous respirerez beaucoup de fum\u00e9e &#8230; C&#8217;est moins que de prendre de l&#8217;eau \u00e0 boire, prot\u00e9gez-vous encore plus des \u00e9tincelles et m\u00eame des br\u00fblures occasionnelles.<\/li>\n<li><strong>Et enfin le conseil le plus important &#8230; R\u00e9fl\u00e9chissez avant de faire quoi que ce soit:\u00a0<\/strong>Vous y allez pour vous amuser, tout le monde s&#8217;amusera, mais n&#8217;oubliez pas que vous n&#8217;\u00eates pas seul et qu&#8217;il y a beaucoup de monde avec vous, alors agissez de fa\u00e7on responsable. Les &#8220;Devils&#8221; veillent sur l&#8217;amusement et la s\u00e9curit\u00e9 de tous, donc ils n&#8217;h\u00e9siteront pas \u00e0 vous faire sortir s&#8217;ils voient que vous n&#8217;agissez pas comme vous le devriez.<\/li>\n<\/ul>\n<p><img loading=\"lazy\" decoding=\"async\" class=\"aligncenter\" style=\"with: 100%;\" src=\"https:\/\/www.inmomaspinell.com\/blog\/wp-content\/uploads\/2018\/07\/sergi-viladesau-355036-unsplash.jpg\" alt=\"F\u00eates et traditions catalanes: Le Correfoc et les &quot;Diables&quot;\" width=\"770\" height=\"513\" \/><\/p>\n<p>Si vous suivez tous ces conseils, je vous assure que vous appr\u00e9cierez l&#8217;une des meilleures traditions catalanes, amusante et pleine d&#8217;adr\u00e9naline.<\/p>\n<p>Avez-vous aim\u00e9 cet article? Voulez-vous profiter de la f\u00eate du Correfoc et des <a href=\"https:\/\/www.inmomaspinell.com\/blog\/fr\/les-plages-de-la-costa-brava\/\">plages<\/a> de la Costa Brava?<\/p>\n<p>Cliquez sur le bouton ci-dessous et r\u00e9servez votre h\u00e9bergement maintenant!<\/p>\n<p style=\"text-align: center;\"><a style=\"background-color: #00948f; text-align: center; -moz-border-radius: 3px; -webkit-border-radius: 3px; border-radius: 3px; display: inline-block; cursor: pointer; color: #ffffff; font-family: Helvetica; font-size: 17px; padding: 7px 7px; text-decoration: none;\" href=\"https:\/\/www.reservasmaspinell.com\/fr\/\">R\u00e9servez votre h\u00e9bergement avec nous<\/a><\/p>\n<p style=\"text-align: center;\">\n","protected":false},"excerpt":{"rendered":"<p>Le Correfoc est un spectacle qui se d\u00e9roule dans les rues des villes et villages, o\u00f9 l&#8217;objectif est d&#8217;\u00e9viter la&#8230;<\/p>\n","protected":false},"author":2,"featured_media":143,"comment_status":"open","ping_status":"open","sticky":false,"template":"","format":"standard","meta":{"footnotes":""},"categories":[21],"tags":[202,33,207,201,209],"class_list":["post-204","post","type-post","status-publish","format-standard","has-post-thumbnail","hentry","category-agenda-fr","tag-catalogne","tag-costa-brava","tag-culture","tag-espagne","tag-traditions"],"_links":{"self":[{"href":"https:\/\/www.inmomaspinell.com\/blog\/fr\/wp-json\/wp\/v2\/posts\/204","targetHints":{"allow":["GET"]}}],"collection":[{"href":"https:\/\/www.inmomaspinell.com\/blog\/fr\/wp-json\/wp\/v2\/posts"}],"about":[{"href":"https:\/\/www.inmomaspinell.com\/blog\/fr\/wp-json\/wp\/v2\/types\/post"}],"author":[{"embeddable":true,"href":"https:\/\/www.inmomaspinell.com\/blog\/fr\/wp-json\/wp\/v2\/users\/2"}],"replies":[{"embeddable":true,"href":"https:\/\/www.inmomaspinell.com\/blog\/fr\/wp-json\/wp\/v2\/comments?post=204"}],"version-history":[{"count":7,"href":"https:\/\/www.inmomaspinell.com\/blog\/fr\/wp-json\/wp\/v2\/posts\/204\/revisions"}],"predecessor-version":[{"id":755,"href":"https:\/\/www.inmomaspinell.com\/blog\/fr\/wp-json\/wp\/v2\/posts\/204\/revisions\/755"}],"wp:featuredmedia":[{"embeddable":true,"href":"https:\/\/www.inmomaspinell.com\/blog\/fr\/wp-json\/wp\/v2\/media\/143"}],"wp:attachment":[{"href":"https:\/\/www.inmomaspinell.com\/blog\/fr\/wp-json\/wp\/v2\/media?parent=204"}],"wp:term":[{"taxonomy":"category","embeddable":true,"href":"https:\/\/www.inmomaspinell.com\/blog\/fr\/wp-json\/wp\/v2\/categories?post=204"},{"taxonomy":"post_tag","embeddable":true,"href":"https:\/\/www.inmomaspinell.com\/blog\/fr\/wp-json\/wp\/v2\/tags?post=204"}],"curies":[{"name":"wp","href":"https:\/\/api.w.org\/{rel}","templated":true}]}}