{"id":263,"date":"2019-07-11T09:30:22","date_gmt":"2019-07-11T09:30:22","guid":{"rendered":"https:\/\/www.inmomaspinell.com\/blog\/?p=263"},"modified":"2019-12-05T13:26:22","modified_gmt":"2019-12-05T13:26:22","slug":"foire-indienne-de-begur","status":"publish","type":"post","link":"https:\/\/www.inmomaspinell.com\/blog\/fr\/foire-indienne-de-begur\/","title":{"rendered":"Foire Indienne de Begur"},"content":{"rendered":"<p>La Foire Indienne de Begur est l\u2019un des festivals les plus connus et des festivals qui se d\u00e9roulent en \u00e9t\u00e9 sur la <a href=\"https:\/\/www.inmomaspinell.com\/blog\/fr\/les-plages-de-la-costa-brava\/\">Costa Brava<\/a>. Il c\u00e9l\u00e8bre les relations intenses entre Cuba et Begur, qui a pour origine l&#8217;\u00e9migration de nombreux b\u00e9gur\u00e9ens vers l&#8217;\u00eele tout au long du 19\u00e8me si\u00e8cle. De retour dans la ville, ceux qui avaient prosp\u00e9r\u00e9 dans leurs affaires ont construit des maisons ostentatoires qui d\u00e9corent encore les rues de Begur. C&#8217;\u00e9taient les &#8220;Am\u00e9ricains&#8221; populaires, qui cherchaient \u00e0 recr\u00e9er le mode de vie de Cuba et laissaient un h\u00e9ritage culturel vari\u00e9.<\/p>\n<p><img loading=\"lazy\" decoding=\"async\" class=\"alignnone wp-image-255\" src=\"https:\/\/www.inmomaspinell.com\/blog\/wp-content\/uploads\/2018\/08\/IMG_3709.jpg\" alt=\"Foire Indienne de Begur\" width=\"837\" height=\"773\" \/><br \/>\n<a style=\"background-color: #00948f; color: white; text-decoration: none; padding: 4px 6px; font-family: -apple-system, BlinkMacSystemFont, 'San Francisco', 'Helvetica Neue', Helvetica, Ubuntu, Roboto, Noto, 'Segoe UI', Arial, sans-serif; font-size: 12px; font-weight: bold; line-height: 1.2; display: inline-block; border-radius: 3px;\" title=\"Download free do whatever you want high-resolution photos from Aitor Romero\" href=\"https:\/\/www.instagram.com\/ropra7645\/\" target=\"_blank\" rel=\"noopener noreferrer\"><span style=\"display: inline-block; padding: 2px 3px;\">Aitor Romero<\/span><\/a><\/p>\n<p>Le premier week-end de septembre, Begur se transforme pour revivre cette p\u00e9riode historique qui a profond\u00e9ment marqu\u00e9 cette ville et son identit\u00e9. Les rues et les places de Begur accueillent un march\u00e9 de produits d&#8217;outre-mer, des \u00e9chantillons d&#8217;artisanat et des spectacles musicaux. La foire s&#8217;ouvre avec l&#8217;inauguration officielle par les autorit\u00e9s politiques et les personnes li\u00e9es au monde indien.<\/p>\n<p><img loading=\"lazy\" decoding=\"async\" class=\"alignnone wp-image-253\" src=\"https:\/\/www.inmomaspinell.com\/blog\/wp-content\/uploads\/2018\/08\/IMG_3323.jpg\" alt=\"Foire Indienne de Begur\" width=\"837\" height=\"581\" \/><br \/>\n<a style=\"background-color: #00948f; color: white; text-decoration: none; padding: 4px 6px; font-family: -apple-system, BlinkMacSystemFont, 'San Francisco', 'Helvetica Neue', Helvetica, Ubuntu, Roboto, Noto, 'Segoe UI', Arial, sans-serif; font-size: 12px; font-weight: bold; line-height: 1.2; display: inline-block; border-radius: 3px;\" title=\"Download free do whatever you want high-resolution photos from Aitor Romero\" href=\"https:\/\/www.instagram.com\/ropra7645\/\" target=\"_blank\" rel=\"noopener noreferrer\"><span style=\"display: inline-block; padding: 2px 3px;\">Aitor Romero<\/span><\/a><\/p>\n<p>Au cours de la foire, diverses activit\u00e9s musicales sont programm\u00e9es. Vendredi, le premier jour de la foire, dans le cadre fantastique du Patio de las Escuelas Viejas, chaque ann\u00e9e, une \u00e9toile diff\u00e9rente brille, telle que Lucrecia et Chano Dom\u00ednguez, entre autres. Les rythmes des Cara\u00efbes, avec des groupes cubains de renomm\u00e9e internationale, tels que <em>La M\u00e1quina del Sabor<\/em>, assurent le divertissement et le divertissement du public le plus exigeant.<\/p>\n<p>Ni Havanans ni spectacles de rue, avec des reconstitutions de l&#8217;\u00e8re indienne. Tout cela est compl\u00e9t\u00e9 par une s\u00e9rie d&#8217;activit\u00e9s culturelles: expositions, visites guid\u00e9es, interviews, conf\u00e9rences, documentaires ou tables rondes, qui analysent et diffusent cet h\u00e9ritage des &#8220;Am\u00e9ricains&#8221;.<\/p>\n<p>Si vous voulez profiter de cette Foire Indienne de Begur, vous pouvez t\u00e9l\u00e9charger le programme d&#8217;activit\u00e9s \u00e0 partir du lien suivant:<\/p>\n<p style=\"text-align: center;\"><a style=\"background-color: #00948f; text-align: center; -moz-border-radius: 3px; -webkit-border-radius: 3px; border-radius: 3px; display: inline-block; cursor: pointer; color: #ffffff; font-family: Helvetica; font-size: 17px; padding: 7px 7px; text-decoration: none;\" href=\"http:\/\/visitbegur.cat\/wp-content\/uploads\/2017\/06\/Programa-Indians-2018.pdf\" target=\"_blank\" rel=\"noopener\">T\u00e9l\u00e9chargez le programme ici<\/a><\/p>\n<p>Avez-vous aim\u00e9 ce post? Voulez-vous aller \u00e0 Begur mais n&#8217;avez pas d&#8217;endroit o\u00f9 rester? Cliquez sur le bouton ci-dessous!<\/p>\n<p style=\"text-align: center;\"><a style=\"background-color: #00948f; text-align: center; -moz-border-radius: 3px; -webkit-border-radius: 3px; border-radius: 3px; display: inline-block; cursor: pointer; color: #ffffff; font-family: Helvetica; font-size: 17px; padding: 7px 7px; text-decoration: none;\" href=\"https:\/\/www.reservasmaspinell.com\/fr\/\">R\u00e9servez votre h\u00e9bergement avec nous<\/a><\/p>\n","protected":false},"excerpt":{"rendered":"<p>La Foire Indienne de Begur est l\u2019un des festivals les plus connus et des festivals qui se d\u00e9roulent en \u00e9t\u00e9&#8230;<\/p>\n","protected":false},"author":2,"featured_media":254,"comment_status":"open","ping_status":"open","sticky":false,"template":"","format":"standard","meta":{"footnotes":""},"categories":[21],"tags":[61,202,33,207,201,210,211,209],"class_list":["post-263","post","type-post","status-publish","format-standard","has-post-thumbnail","hentry","category-agenda-fr","tag-begur","tag-catalogne","tag-costa-brava","tag-culture","tag-espagne","tag-foire","tag-indienne","tag-traditions"],"_links":{"self":[{"href":"https:\/\/www.inmomaspinell.com\/blog\/fr\/wp-json\/wp\/v2\/posts\/263","targetHints":{"allow":["GET"]}}],"collection":[{"href":"https:\/\/www.inmomaspinell.com\/blog\/fr\/wp-json\/wp\/v2\/posts"}],"about":[{"href":"https:\/\/www.inmomaspinell.com\/blog\/fr\/wp-json\/wp\/v2\/types\/post"}],"author":[{"embeddable":true,"href":"https:\/\/www.inmomaspinell.com\/blog\/fr\/wp-json\/wp\/v2\/users\/2"}],"replies":[{"embeddable":true,"href":"https:\/\/www.inmomaspinell.com\/blog\/fr\/wp-json\/wp\/v2\/comments?post=263"}],"version-history":[{"count":7,"href":"https:\/\/www.inmomaspinell.com\/blog\/fr\/wp-json\/wp\/v2\/posts\/263\/revisions"}],"predecessor-version":[{"id":759,"href":"https:\/\/www.inmomaspinell.com\/blog\/fr\/wp-json\/wp\/v2\/posts\/263\/revisions\/759"}],"wp:featuredmedia":[{"embeddable":true,"href":"https:\/\/www.inmomaspinell.com\/blog\/fr\/wp-json\/wp\/v2\/media\/254"}],"wp:attachment":[{"href":"https:\/\/www.inmomaspinell.com\/blog\/fr\/wp-json\/wp\/v2\/media?parent=263"}],"wp:term":[{"taxonomy":"category","embeddable":true,"href":"https:\/\/www.inmomaspinell.com\/blog\/fr\/wp-json\/wp\/v2\/categories?post=263"},{"taxonomy":"post_tag","embeddable":true,"href":"https:\/\/www.inmomaspinell.com\/blog\/fr\/wp-json\/wp\/v2\/tags?post=263"}],"curies":[{"name":"wp","href":"https:\/\/api.w.org\/{rel}","templated":true}]}}