{"id":308,"date":"2018-05-02T08:56:51","date_gmt":"2018-05-02T08:56:51","guid":{"rendered":"https:\/\/www.inmomaspinell.com\/blog\/?p=308"},"modified":"2019-12-05T13:24:23","modified_gmt":"2019-12-05T13:24:23","slug":"conseils-pour-vos-photos-de-vacances","status":"publish","type":"post","link":"https:\/\/www.inmomaspinell.com\/blog\/fr\/conseils-pour-vos-photos-de-vacances\/","title":{"rendered":"Conseils pour vos photos de vacances"},"content":{"rendered":"<p>Gr\u00e2ce aux merveilles de la technologie, nous avons tous les moyens de prendre des photos o\u00f9 que nous soyons avec un t\u00e9l\u00e9phone portable ou un reflex. Alors aujourd&#8217;hui, je vous apporte quelques conseils pour tirer le meilleur parti de vos photos de vacances.<\/p>\n<p><strong>Cadre:\u00a0<\/strong>Peu importe la qualit\u00e9 d&#8217;une image, si elle est bien faite, elle sera attrayante. La chose la plus importante pour cela est le cadrage.<\/p>\n<p>Mais quel est le cadrage? Tr\u00e8s facile, le cadrage est la mise en page des \u00e9l\u00e9ments de votre photo. Vous devez trouver un \u00e9quilibre entre tout ce qui y appara\u00eet, que ce soit un portrait ou un paysage.<\/p>\n<p>La cl\u00e9 en est la r\u00e8gle d&#8217;or de la composition:<\/p>\n<p><strong>La r\u00e8gle des tiers:\u00a0<\/strong>Vous avez s\u00fbrement d\u00e9j\u00e0 vu sur votre mobile ou votre lecteur des lignes qui divisent l&#8217;\u00e9cran, de sorte que:<\/p>\n<p style=\"text-align: center;\"><img loading=\"lazy\" decoding=\"async\" class=\"alignnone\" src=\"https:\/\/www.inmomaspinell.com\/blog\/wp-content\/uploads\/2018\/08\/2_grande.jpg\" alt=\"Conseils pour vos photos de vacances\" width=\"600\" height=\"450\" \/><\/p>\n<p>Ces lignes ne sont pas l\u00e0 par hasard, ces lignes marquent les points de plus grand poids visuel. Cela signifie que l&#8217;\u0153il recherche automatiquement ces points, rendant une image qui ob\u00e9it \u00e0 cette r\u00e8gle beaucoup plus belle.<\/p>\n<p>Voici un exemple:<\/p>\n<p><img loading=\"lazy\" decoding=\"async\" class=\"alignnone\" src=\"https:\/\/www.inmomaspinell.com\/blog\/wp-content\/uploads\/2018\/08\/Sin-t\u00edtulo-e1534240184426.png\" alt=\"Conseils pour vos photos de vacances\" width=\"755\" height=\"505\" \/><br \/>\n<a style=\"background-color: #00948f; color: white; text-decoration: none; padding: 4px 6px; font-family: -apple-system, BlinkMacSystemFont, 'San Francisco', 'Helvetica Neue', Helvetica, Ubuntu, Roboto, Noto, 'Segoe UI', Arial, sans-serif; font-size: 12px; font-weight: bold; line-height: 1.2; display: inline-block; border-radius: 3px;\" title=\"Download free do whatever you want high-resolution photos from Aitor Romero\" href=\"https:\/\/instagram.com\/ropra7645\" target=\"_blank\" rel=\"noopener noreferrer\"><span style=\"display: inline-block; padding: 2px 3px;\">Aitor Romero<\/span><\/a><\/p>\n<p>Cette image utilise non seulement le coin inf\u00e9rieur droit pour marquer la roche, mais utilise toute la ligne inf\u00e9rieure pour s\u00e9parer la mer de la c\u00f4te et rend ce paysage beaucoup plus attrayant.<\/p>\n<p>Voici un autre exemple:<\/p>\n<p><img loading=\"lazy\" decoding=\"async\" class=\"alignnone\" src=\"https:\/\/www.inmomaspinell.com\/blog\/wp-content\/uploads\/2018\/08\/Sin-t\u00edtulo-1.png\" alt=\"Conseils pour vos photos de vacances\" width=\"878\" height=\"585\" \/><br \/>\n<a style=\"background-color: #00948f; color: white; text-decoration: none; padding: 4px 6px; font-family: -apple-system, BlinkMacSystemFont, 'San Francisco', 'Helvetica Neue', Helvetica, Ubuntu, Roboto, Noto, 'Segoe UI', Arial, sans-serif; font-size: 12px; font-weight: bold; line-height: 1.2; display: inline-block; border-radius: 3px;\" title=\"Download free do whatever you want high-resolution photos from Aitor Romero\" href=\"https:\/\/instagram.com\/ropra7645\" target=\"_blank\" rel=\"noopener noreferrer\"><span style=\"display: inline-block; padding: 2px 3px;\">Aitor Romero<\/span><\/a><\/p>\n<p>Avec cette r\u00e8gle simple, vos photos de vacances seront beaucoup plus attrayantes.<\/p>\n<p><strong>Extra Tip:\u00a0<\/strong>Pour ceux qui pr\u00e9f\u00e8rent une meilleure qualit\u00e9 et utilisent un appareil photo reflex, ne l&#8217;utilisez JAMAIS en automatique. Il existe un mode tout aussi simple qui fonctionne beaucoup mieux: <strong>le P Mode<\/strong>.<\/p>\n<p style=\"text-align: center;\"><img loading=\"lazy\" decoding=\"async\" class=\"alignnone\" src=\"https:\/\/www.inmomaspinell.com\/blog\/wp-content\/uploads\/2018\/08\/nikon-d80-dial-pmode.png\" alt=\"Conseils pour vos photos de vacances\" width=\"400\" height=\"300\" \/><\/p>\n<p>Si vous en avez assez que votre nouvel appareil photo prenne des photos avec le flash en plein jour ou ne fasse pas la mise au point comme vous le devriez, utilisez ce mode dans vos photos de vacances.<\/p>\n<p>Cela vous fera gagner du temps et vous pourrez profiter davantage de votre voyage et des belles <a href=\"https:\/\/www.inmomaspinell.com\/blog\/fr\/les-plages-de-la-costa-brava\/\">plages<\/a> de la Costa Brava.<\/p>\n<p>Avez-vous aim\u00e9 ce post? Voulez-vous prendre les meilleures photos de la Costa Brava pendant vos vacances mais n&#8217;avez pas d&#8217;endroit o\u00f9 rester?<\/p>\n<p>Nous vous aidons! Cliquez simplement sur le bouton ci-dessous et organisez vos vacances id\u00e9ales avec nous:<\/p>\n<p style=\"text-align: center;\"><a style=\"background-color: #00948f; text-align: center; -moz-border-radius: 3px; -webkit-border-radius: 3px; border-radius: 3px; display: inline-block; cursor: pointer; color: #ffffff; font-family: Helvetica; font-size: 17px; padding: 7px 7px; text-decoration: none;\" href=\"https:\/\/www.reservasmaspinell.com\/fr\/\">R\u00e9servez votre h\u00e9bergement avec nous<\/a><\/p>\n","protected":false},"excerpt":{"rendered":"<p>Gr\u00e2ce aux merveilles de la technologie, nous avons tous les moyens de prendre des photos o\u00f9 que nous soyons avec&#8230;<\/p>\n","protected":false},"author":2,"featured_media":313,"comment_status":"open","ping_status":"open","sticky":false,"template":"","format":"standard","meta":{"footnotes":""},"categories":[20],"tags":[202,219,33,201,218,203,204],"class_list":["post-308","post","type-post","status-publish","format-standard","has-post-thumbnail","hentry","category-information-touristique","tag-catalogne","tag-conseils","tag-costa-brava","tag-espagne","tag-photos","tag-plages","tag-vacances"],"_links":{"self":[{"href":"https:\/\/www.inmomaspinell.com\/blog\/fr\/wp-json\/wp\/v2\/posts\/308","targetHints":{"allow":["GET"]}}],"collection":[{"href":"https:\/\/www.inmomaspinell.com\/blog\/fr\/wp-json\/wp\/v2\/posts"}],"about":[{"href":"https:\/\/www.inmomaspinell.com\/blog\/fr\/wp-json\/wp\/v2\/types\/post"}],"author":[{"embeddable":true,"href":"https:\/\/www.inmomaspinell.com\/blog\/fr\/wp-json\/wp\/v2\/users\/2"}],"replies":[{"embeddable":true,"href":"https:\/\/www.inmomaspinell.com\/blog\/fr\/wp-json\/wp\/v2\/comments?post=308"}],"version-history":[{"count":6,"href":"https:\/\/www.inmomaspinell.com\/blog\/fr\/wp-json\/wp\/v2\/posts\/308\/revisions"}],"predecessor-version":[{"id":769,"href":"https:\/\/www.inmomaspinell.com\/blog\/fr\/wp-json\/wp\/v2\/posts\/308\/revisions\/769"}],"wp:featuredmedia":[{"embeddable":true,"href":"https:\/\/www.inmomaspinell.com\/blog\/fr\/wp-json\/wp\/v2\/media\/313"}],"wp:attachment":[{"href":"https:\/\/www.inmomaspinell.com\/blog\/fr\/wp-json\/wp\/v2\/media?parent=308"}],"wp:term":[{"taxonomy":"category","embeddable":true,"href":"https:\/\/www.inmomaspinell.com\/blog\/fr\/wp-json\/wp\/v2\/categories?post=308"},{"taxonomy":"post_tag","embeddable":true,"href":"https:\/\/www.inmomaspinell.com\/blog\/fr\/wp-json\/wp\/v2\/tags?post=308"}],"curies":[{"name":"wp","href":"https:\/\/api.w.org\/{rel}","templated":true}]}}