{"id":72,"date":"2018-11-26T12:11:32","date_gmt":"2018-11-26T12:11:32","guid":{"rendered":"http:\/\/www.inmomaspinell.com\/blog\/oferta-cultural\/"},"modified":"2019-12-05T13:25:29","modified_gmt":"2019-12-05T13:25:29","slug":"que-voir-sur-la-costa-brava-culture-et-monuments","status":"publish","type":"post","link":"https:\/\/www.inmomaspinell.com\/blog\/fr\/que-voir-sur-la-costa-brava-culture-et-monuments\/","title":{"rendered":"Que voir sur la Costa Brava: culture et monuments"},"content":{"rendered":"<p><span id=\"result_box\" class=\"\" lang=\"fr\" tabindex=\"-1\">Les <a href=\"https:\/\/www.inmomaspinell.com\/blog\/fr\/les-plages-de-la-costa-brava\/\">plages<\/a>, la culture et les monuments de la Costa Brava font de cette magnifique r\u00e9gion de Catalogne l&#8217;une des destinations touristiques les plus populaires d&#8217;Espagne. La Costa Brava a ses visites essentielles, et sur cette page nous allons essayer de rassembler certains des plus importants, mais il y en a beaucoup plus&#8230; Si vous souhaitez en savoir plus alternatives, consultez notre <a href=\"https:\/\/editor.editafacil.es\/visor\/index.aspx?p=FFFFFFFF9E7F61A5&amp;tp=964#page\/1\">guide touristique pour la Costa Brava<\/a>.<\/span><\/p>\n<p>La <strong>richesse culturelle de la Costa Brava<\/strong> et de G\u00e9rone a donn\u00e9 naissance \u00e0 d\u2019int\u00e9ressants mus\u00e9es de tous les temps et de tous les styles, depuis les premiers \u00e9tablissements ib\u00e9riques, jusqu\u2019\u00e0 notre \u00e9poque. Les visites incontournables dans ce beau et populaire quartier:<\/p>\n<ul>\n<li><span id=\"result_box\" class=\"\" lang=\"fr\" tabindex=\"-1\">Si vous \u00eates passionn\u00e9 par le travail de <strong>Salvador Dal\u00ed<\/strong>, vous ne pouvez pas manquer le triangle Dalinien, form\u00e9 par le <strong>mus\u00e9e-th\u00e9\u00e2tre de Figueres<\/strong>, le <strong>ch\u00e2teau P\u00fabol<\/strong> et <strong>sa maison \u00e0 Portlligat<\/strong>. Une visite au mus\u00e9e-th\u00e9\u00e2tre Dal\u00ed fera le bonheur des petits et des grands. Si vous avez besoin de plus d&#8217;informations et que vous souhaitez r\u00e9server, rendez-vous sur le site <a href=\"https:\/\/www.salvador-dali.org\/fr\/\">www.salvador-dali.org<\/a>.<br \/>\n<\/span><\/li>\n<\/ul>\n<p><img loading=\"lazy\" decoding=\"async\" class=\"aligncenter wp-image-37\" src=\"https:\/\/www.inmomaspinell.com\/blog\/wp-content\/uploads\/2018\/03\/dali_figueres2.jpg\" alt=\"Que voir sur la Costa Brava: culture et monuments - Museo Dal\u00ed\" width=\"929\" height=\"526\" srcset=\"https:\/\/www.inmomaspinell.com\/blog\/wp-content\/uploads\/2018\/03\/dali_figueres2.jpg 1060w, https:\/\/www.inmomaspinell.com\/blog\/wp-content\/uploads\/2018\/03\/dali_figueres2-768x435.jpg 768w\" sizes=\"auto, (max-width: 929px) 100vw, 929px\" \/><\/p>\n<ul>\n<li>Le <strong>ch\u00e2teau de Montgr\u00ed<\/strong> n&#8217;est jamais venu pour \u00eatre fini, mais sa vue panoramique sur l&#8217;Empord\u00e0 vaut le d\u00e9tour pendant que vous vous mettez en forme.<\/li>\n<\/ul>\n<p><img loading=\"lazy\" decoding=\"async\" class=\"aligncenter wp-image-42\" src=\"https:\/\/www.inmomaspinell.com\/blog\/wp-content\/uploads\/2018\/03\/montgri-castle.jpeg\" alt=\"Que voir sur la Costa Brava: culture et monuments - Castillo de Montgr\u00ed\" width=\"932\" height=\"466\" srcset=\"https:\/\/www.inmomaspinell.com\/blog\/wp-content\/uploads\/2018\/03\/montgri-castle.jpeg 1000w, https:\/\/www.inmomaspinell.com\/blog\/wp-content\/uploads\/2018\/03\/montgri-castle-768x384.jpeg 768w\" sizes=\"auto, (max-width: 932px) 100vw, 932px\" \/><\/p>\n<ul>\n<li>Dans cette zone, vous pourrez \u00e9galement visiter <strong>la plus grande colonie ib\u00e9rique de Catalogne<\/strong> (6\u00e8me si\u00e8cle avant JC), qui conserve une grande partie du mur, des vestiges de maisons, citernes, temples&#8230;<\/li>\n<li>Une visite dans la belle ville de <strong>Besal\u00fa<\/strong> vous ram\u00e8ne \u00e0 l&#8217;\u00e9poque m\u00e9di\u00e9vale. Fin ao\u00fbt, la foire m\u00e9di\u00e9vale recr\u00e9e les march\u00e9s de l&#8217;\u00e9poque.<\/li>\n<\/ul>\n<p><img loading=\"lazy\" decoding=\"async\" class=\"aligncenter wp-image-40\" src=\"https:\/\/www.inmomaspinell.com\/blog\/wp-content\/uploads\/2018\/03\/besalu-1.jpg\" alt=\"Que voir sur la Costa Brava: culture et monuments - Besal\u00fa\" width=\"944\" height=\"534\" srcset=\"https:\/\/www.inmomaspinell.com\/blog\/wp-content\/uploads\/2018\/03\/besalu-1.jpg 1060w, https:\/\/www.inmomaspinell.com\/blog\/wp-content\/uploads\/2018\/03\/besalu-1-768x435.jpg 768w\" sizes=\"auto, (max-width: 944px) 100vw, 944px\" \/><\/p>\n<div class=\"mail\">\n<p><span id=\"result_box\" class=\"short_text\" lang=\"fr\" tabindex=\"-1\"><span class=\"\">Sur cette page nous nous dirigeons vers la Costa Brava<\/span><\/span>, mais <strong>Barcelone<\/strong> n&#8217;est pas loin non plus. <span class=\"\">Voici quelques visites typiques que vous pouvez faire \u00e0 Barcelone: le Camp Nou, la Casa Mil\u00e0 ou le Parc Guell de Gaud\u00ed, la Sagrada Familia &#8230; Toutes ces \u00e9tapes sont dans le bus de la ville.<\/span> <span class=\"\">Informations sur la City Tour Barcelona: <a href=\"http:\/\/www.barcelonacitytour.cat\">http:\/\/www.barcelonacitytour.cat<\/a><\/span><\/p>\n<p>Voulez-vous venir et conna\u00eetre la culture et les monuments de la Costa Brava? Cliquez ci-dessous et r\u00e9servez votre h\u00e9bergement!<\/p>\n<p style=\"text-align: center;\"><a style=\"background-color: #00948f; text-align: center; -moz-border-radius: 3px; -webkit-border-radius: 3px; border-radius: 3px; display: inline-block; cursor: pointer; color: #ffffff; font-family: Helvetica; font-size: 17px; padding: 7px 7px; text-decoration: none;\" href=\"https:\/\/www.reservasmaspinell.com\/fr\/\">R\u00e9servez votre h\u00e9bergement avec nous<\/a><\/p>\n<\/div>\n","protected":false},"excerpt":{"rendered":"<p>Les plages, la culture et les monuments de la Costa Brava font de cette magnifique r\u00e9gion de Catalogne l&#8217;une des&#8230;<\/p>\n","protected":false},"author":2,"featured_media":36,"comment_status":"open","ping_status":"open","sticky":false,"template":"","format":"standard","meta":{"footnotes":""},"categories":[20],"tags":[202,33,207,201,93,203,208],"class_list":["post-72","post","type-post","status-publish","format-standard","has-post-thumbnail","hentry","category-information-touristique","tag-catalogne","tag-costa-brava","tag-culture","tag-espagne","tag-monuments","tag-plages","tag-que-voir"],"_links":{"self":[{"href":"https:\/\/www.inmomaspinell.com\/blog\/fr\/wp-json\/wp\/v2\/posts\/72","targetHints":{"allow":["GET"]}}],"collection":[{"href":"https:\/\/www.inmomaspinell.com\/blog\/fr\/wp-json\/wp\/v2\/posts"}],"about":[{"href":"https:\/\/www.inmomaspinell.com\/blog\/fr\/wp-json\/wp\/v2\/types\/post"}],"author":[{"embeddable":true,"href":"https:\/\/www.inmomaspinell.com\/blog\/fr\/wp-json\/wp\/v2\/users\/2"}],"replies":[{"embeddable":true,"href":"https:\/\/www.inmomaspinell.com\/blog\/fr\/wp-json\/wp\/v2\/comments?post=72"}],"version-history":[{"count":9,"href":"https:\/\/www.inmomaspinell.com\/blog\/fr\/wp-json\/wp\/v2\/posts\/72\/revisions"}],"predecessor-version":[{"id":112,"href":"https:\/\/www.inmomaspinell.com\/blog\/fr\/wp-json\/wp\/v2\/posts\/72\/revisions\/112"}],"wp:featuredmedia":[{"embeddable":true,"href":"https:\/\/www.inmomaspinell.com\/blog\/fr\/wp-json\/wp\/v2\/media\/36"}],"wp:attachment":[{"href":"https:\/\/www.inmomaspinell.com\/blog\/fr\/wp-json\/wp\/v2\/media?parent=72"}],"wp:term":[{"taxonomy":"category","embeddable":true,"href":"https:\/\/www.inmomaspinell.com\/blog\/fr\/wp-json\/wp\/v2\/categories?post=72"},{"taxonomy":"post_tag","embeddable":true,"href":"https:\/\/www.inmomaspinell.com\/blog\/fr\/wp-json\/wp\/v2\/tags?post=72"}],"curies":[{"name":"wp","href":"https:\/\/api.w.org\/{rel}","templated":true}]}}