{"id":773,"date":"2018-01-04T10:16:05","date_gmt":"2018-01-04T10:16:05","guid":{"rendered":"https:\/\/www.inmomaspinell.com\/blog\/?p=773"},"modified":"2019-12-05T13:23:55","modified_gmt":"2019-12-05T13:23:55","slug":"la-costa-brava-un-bref-apercu","status":"publish","type":"post","link":"https:\/\/www.inmomaspinell.com\/blog\/fr\/la-costa-brava-un-bref-apercu\/","title":{"rendered":"La Costa Brava: un bref aper\u00e7u"},"content":{"rendered":"<p>La <strong>Costa Brava<\/strong> est le nom attribu\u00e9 \u00e0 la <strong>zone c\u00f4ti\u00e8re de la province de G\u00e9rone<\/strong> (Catalogne) qui commence \u00e0 Blanes et se termine \u00e0 Portbou (France). Cette bande c\u00f4ti\u00e8re couvre une superficie de 214 km et comprend les r\u00e9gions catalanes de Alt Empord\u00e0, Bajo Ampurd\u00e1n et La Selva.<\/p>\n<p>Les <a href=\"https:\/\/www.inmomaspinell.com\/blog\/fr\/les-plages-de-la-costa-brava\/\">plages<\/a> de la Costa Brava se caract\u00e9risent par <strong>la qualit\u00e9 de ses eaux<\/strong>. Beaucoup ont re\u00e7u le drapeau bleu, symbole de l\u2019eau propre et de la pollution. Un autre trait caract\u00e9ristique de la Costa Brava sont les petites criques ou plages cach\u00e9es entour\u00e9es de v\u00e9g\u00e9tation, en raison de l&#8217;\u00e9rosion de la mer sur les falaises.<\/p>\n<p>Pendant des si\u00e8cles, c\u2019est une zone de passage et de peuplement pour de nombreux peuples et cultures. Les nombreux vestiges historiques de la r\u00e9gion t\u00e9moignent de ce fait et font partie de la richesse culturelle de la Costa Brava.<\/p>\n<p><img loading=\"lazy\" decoding=\"async\" class=\"aligncenter wp-image-349\" src=\"https:\/\/www.inmomaspinell.com\/blog\/wp-content\/uploads\/2018\/12\/Besal\u00fa.jpg\" alt=\"La Costa Brava\" width=\"808\" height=\"442\" srcset=\"https:\/\/www.inmomaspinell.com\/blog\/wp-content\/uploads\/2018\/12\/Besal\u00fa.jpg 950w, https:\/\/www.inmomaspinell.com\/blog\/wp-content\/uploads\/2018\/12\/Besal\u00fa-768x420.jpg 768w\" sizes=\"auto, (max-width: 808px) 100vw, 808px\" \/><\/p>\n<p>Les r\u00e9gions de G\u00e9rone sont devenues l&#8217;un des principaux centres de <strong>p\u00e8lerinage gastronomique<\/strong> dans le monde. En fait, le centre de la cuisine d\u2019avant-garde est situ\u00e9 dans le Cabo de Creus, au nord de la Costa Brava, o\u00f9 El Bulli de Ferr\u00e1n Adri\u00e1 (\u00e0 Cala Montjoi) a cr\u00e9\u00e9 une nouvelle \u00e9cole. Cependant, la cuisine d&#8217;avant-garde n&#8217;aurait pas vu le jour sans contexte historique, sans produits locaux, sans les mati\u00e8res premi\u00e8res de la r\u00e9gion provenant de l&#8217;agriculture, l&#8217;horticulture, la viticulture, la production d&#8217;olives, le b\u00e9tail, la p\u00eache, etc&#8230;<\/p>\n<p><img loading=\"lazy\" decoding=\"async\" class=\"aligncenter wp-image-352\" src=\"https:\/\/www.inmomaspinell.com\/blog\/wp-content\/uploads\/2018\/12\/Costa_Brava_enogastronomia-1.jpg\" alt=\"La Costa Brava\" width=\"802\" height=\"357\" srcset=\"https:\/\/www.inmomaspinell.com\/blog\/wp-content\/uploads\/2018\/12\/Costa_Brava_enogastronomia-1.jpg 1005w, https:\/\/www.inmomaspinell.com\/blog\/wp-content\/uploads\/2018\/12\/Costa_Brava_enogastronomia-1-768x342.jpg 768w\" sizes=\"auto, (max-width: 802px) 100vw, 802px\" \/><\/p>\n<p>L&#8217;ensemble des villes qui composent la Costa Brava sont reli\u00e9es par un bon r\u00e9seau routier, avec des services de bus et de train r\u00e9guliers. G\u00e9rone est situ\u00e9e \u00e0 104 kilom\u00e8tres de Barcelone et \u00e0 62 kilom\u00e8tres de la fronti\u00e8re fran\u00e7aise. Des liaisons routi\u00e8res et ferroviaires les relient aux deux points. De plus, l&#8217;a\u00e9roport de Girona, avec plusieurs compagnies a\u00e9riennes, relie diff\u00e9rentes villes europ\u00e9ennes.<\/p>\n<p>Nous esp\u00e9rons que cet aper\u00e7u de la Costa Brava vous encourage \u00e0 la visiter. Cliquez ci-dessous et r\u00e9servez votre h\u00e9bergement avec nous. Vous ne le regretterez pas!<\/p>\n<p style=\"text-align: center;\"><a style=\"background-color: #00948f; text-align: center; -moz-border-radius: 3px; -webkit-border-radius: 3px; border-radius: 3px; display: inline-block; cursor: pointer; color: #ffffff; font-family: Helvetica; font-size: 17px; padding: 7px 7px; text-decoration: none;\" href=\"https:\/\/www.reservasmaspinell.com\/fr\/\">R\u00e9servez votre h\u00e9bergement avec nous<\/a><\/p>\n","protected":false},"excerpt":{"rendered":"<p>La Costa Brava est le nom attribu\u00e9 \u00e0 la zone c\u00f4ti\u00e8re de la province de G\u00e9rone (Catalogne) qui commence \u00e0&#8230;<\/p>\n","protected":false},"author":2,"featured_media":347,"comment_status":"open","ping_status":"open","sticky":false,"template":"","format":"standard","meta":{"footnotes":""},"categories":[20],"tags":[202,33,207,201,220,91,203],"class_list":["post-773","post","type-post","status-publish","format-standard","has-post-thumbnail","hentry","category-information-touristique","tag-catalogne","tag-costa-brava","tag-culture","tag-espagne","tag-gastronomie","tag-information","tag-plages"],"_links":{"self":[{"href":"https:\/\/www.inmomaspinell.com\/blog\/fr\/wp-json\/wp\/v2\/posts\/773","targetHints":{"allow":["GET"]}}],"collection":[{"href":"https:\/\/www.inmomaspinell.com\/blog\/fr\/wp-json\/wp\/v2\/posts"}],"about":[{"href":"https:\/\/www.inmomaspinell.com\/blog\/fr\/wp-json\/wp\/v2\/types\/post"}],"author":[{"embeddable":true,"href":"https:\/\/www.inmomaspinell.com\/blog\/fr\/wp-json\/wp\/v2\/users\/2"}],"replies":[{"embeddable":true,"href":"https:\/\/www.inmomaspinell.com\/blog\/fr\/wp-json\/wp\/v2\/comments?post=773"}],"version-history":[{"count":2,"href":"https:\/\/www.inmomaspinell.com\/blog\/fr\/wp-json\/wp\/v2\/posts\/773\/revisions"}],"predecessor-version":[{"id":775,"href":"https:\/\/www.inmomaspinell.com\/blog\/fr\/wp-json\/wp\/v2\/posts\/773\/revisions\/775"}],"wp:featuredmedia":[{"embeddable":true,"href":"https:\/\/www.inmomaspinell.com\/blog\/fr\/wp-json\/wp\/v2\/media\/347"}],"wp:attachment":[{"href":"https:\/\/www.inmomaspinell.com\/blog\/fr\/wp-json\/wp\/v2\/media?parent=773"}],"wp:term":[{"taxonomy":"category","embeddable":true,"href":"https:\/\/www.inmomaspinell.com\/blog\/fr\/wp-json\/wp\/v2\/categories?post=773"},{"taxonomy":"post_tag","embeddable":true,"href":"https:\/\/www.inmomaspinell.com\/blog\/fr\/wp-json\/wp\/v2\/tags?post=773"}],"curies":[{"name":"wp","href":"https:\/\/api.w.org\/{rel}","templated":true}]}}