{"id":79,"date":"2018-03-12T12:06:25","date_gmt":"2018-03-12T12:06:25","guid":{"rendered":"http:\/\/www.inmomaspinell.com\/blog\/las-playas-de-la-costa-brava\/"},"modified":"2019-12-05T13:24:11","modified_gmt":"2019-12-05T13:24:11","slug":"les-plages-de-la-costa-brava","status":"publish","type":"post","link":"https:\/\/www.inmomaspinell.com\/blog\/fr\/les-plages-de-la-costa-brava\/","title":{"rendered":"Les plages de la Costa Brava"},"content":{"rendered":"<p>Les <strong style=\"font-size: 16px;\"> plages de la Costa Brava <\/strong><span style=\"font-size: 16px;\"> sont mondialement connues. Venez passer des vacances inoubliables avec votre famille, votre partenaire ou vos amis et profitez du soleil, des plages, des eaux cristallines et du magnifique littoral.<\/span><\/p>\n<div class=\"vc_row wpb_row vc_row-fluid\">\n<div class=\"wpb_column vc_column_container vc_col-sm-12\">\n<div class=\"vc_column-inner \">\n<div class=\"wpb_wrapper\">\n<div class=\"wpb_text_column wpb_content_element padding:20px;\">\n<div class=\"wpb_wrapper\">\n<p>Le plaisir de passer les <strong> vacances sur la Costa Brava <\/strong> est que vous pouvez d\u00e9couvrir une nouvelle plage tous les jours. Il y a une grande vari\u00e9t\u00e9, des plages vierges aux longues plages de sable fin, en passant par de petites baies d\u2019eau cristalline.Nous les d\u00e9couvrons tous et n\u2019oublions pas de visiter les plages de Begur, Tamariu, Calella et Llafranc.<\/p>\n<p>Il y a tellement de choses \u00e0 faire et \u00e0 voir sur la Costa Brava: plage, soleil, plong\u00e9e, voile, plong\u00e9e en apn\u00e9e, sports nautiques et plus sur la Costa Brava. Les plus belles plages de la Costa Brava:<\/p>\n<\/div>\n<\/div>\n<\/div>\n<\/div>\n<\/div>\n<\/div>\n<h3>Plage de Mas Pinell<\/h3>\n<div class=\"vc_row wpb_row vc_row-fluid\">\n<div class=\"wpb_column vc_column_container vc_col-sm-12\">\n<div class=\"vc_column-inner \">\n<div class=\"wpb_wrapper\">\n<div class=\"wpb_text_column wpb_content_element \">\n<div class=\"wpb_wrapper\">\n<p>La plage de <strong> Mas Pinell <\/strong> est une vaste plage de sable dor\u00e9 avec vue sur les \u00eeles Medes. C\u2019est entre les plages de Pals i l\u2019Estartit. En \u00e9t\u00e9, un bar de plage sert des repas et des collations. Il a acc\u00e8s pour les personnes \u00e0 mobilit\u00e9 r\u00e9duite. C\u2019est une plage parfaite en \u00e9t\u00e9 car elle n\u2019est pas aussi satur\u00e9e que d\u2019autres dans la r\u00e9gion. L\u2019atmosph\u00e8re est famili\u00e8re et paisible.<\/p>\n<\/div>\n<\/div>\n<\/div>\n<\/div>\n<\/div>\n<\/div>\n<p><img loading=\"lazy\" decoding=\"async\" class=\"aligncenter wp-image-15\" src=\"http:\/\/www.inmomaspinell.com\/blog\/wp-content\/uploads\/2018\/03\/playa-mas-pinell.jpg\" alt=\"Les plages de la Costa Brava - Mas Pinell\" width=\"961\" height=\"544\" srcset=\"https:\/\/www.inmomaspinell.com\/blog\/wp-content\/uploads\/2018\/03\/playa-mas-pinell.jpg 1060w, https:\/\/www.inmomaspinell.com\/blog\/wp-content\/uploads\/2018\/03\/playa-mas-pinell-768x435.jpg 768w\" sizes=\"auto, (max-width: 961px) 100vw, 961px\" \/><\/p>\n<div class=\"vc_row wpb_row vc_row-fluid\">\n<div class=\"wpb_column vc_column_container vc_col-sm-12\">\n<div class=\"vc_column-inner \">\n<div class=\"wpb_wrapper\">\n<div class=\"wpb_text_column wpb_content_element \">\n<div class=\"wpb_wrapper\">\n<h3>La plage de L\u2019Estartit<\/h3>\n<p>La plage <strong> de l\u2019Estartit <\/strong> est tr\u00e8s populaire en \u00e9t\u00e9 pour son club nautique, l\u2019abondance de boutiques et de restaurants et est l\u2019une des rares dans la r\u00e9gion o\u00f9 ils louent des hamacs sur la plage. Avec autant de monde, il est normal que l\u2019Estartit soit une ville tr\u00e8s anim\u00e9e. De m\u00eame, la plage est parfaite pour les enfants car elle devient profonde progressivement et lentement. Du port de l\u2019Estartit, des bateaux \u00e0 fond de verre pour voir la faune marine des \u00eeles Medes, vous pouvez rejoindre une \u00e9cole de plong\u00e9e ou louer un bateau. Toute la famille est la bienvenue, le conseil municipal a permis une plage de chien \u00e0 la p\u00e9riph\u00e9rie de l\u2019Estartit.<\/p>\n<\/div>\n<\/div>\n<\/div>\n<\/div>\n<\/div>\n<\/div>\n<h3>La Plage de Pals<\/h3>\n<div class=\"wpb_text_column wpb_content_element \">\n<div class=\"wpb_wrapper\">\n<p><strong>La Plage de Pals <\/strong> est l\u2019une des plages pr\u00e9f\u00e9r\u00e9es de la r\u00e9gion en raison de sa grande taille. C\u2019est une plage de <strong> sable fin et dor\u00e9 <\/strong> ouverte sur la M\u00e9diterran\u00e9e, vous permettant de profiter du soleil et de la mer. Apr\u00e8s la plage, il y a un <strong> terrain de golf <\/strong> avec 18 trous, avec une vue incroyable sur la mer. \u00c9tant une plage tr\u00e8s ouverte sur la mer, les journ\u00e9es venteuses sont id\u00e9ales pour la pratique de <strong> sports nautiques <\/strong>.<\/p>\n<\/div>\n<\/div>\n<p><img loading=\"lazy\" decoding=\"async\" class=\"aligncenter wp-image-14\" src=\"http:\/\/www.inmomaspinell.com\/blog\/wp-content\/uploads\/2018\/03\/playa-de-pals.jpg\" alt=\"Les plages de la Costa Brava - Playa de Pals\" width=\"961\" height=\"544\" srcset=\"https:\/\/www.inmomaspinell.com\/blog\/wp-content\/uploads\/2018\/03\/playa-de-pals.jpg 1060w, https:\/\/www.inmomaspinell.com\/blog\/wp-content\/uploads\/2018\/03\/playa-de-pals-768x435.jpg 768w\" sizes=\"auto, (max-width: 961px) 100vw, 961px\" \/><\/p>\n<h3>Les plages de Begur<\/h3>\n<div class=\"wpb_text_column wpb_content_element \">\n<div class=\"wpb_wrapper\">\n<p>Le charme de <strong> Begur <\/strong> r\u00e9side dans ses criques, chacune plus belle. AiguaBlava, AiguaFreda ou Sa Riera sont quelques-unes des plages recommand\u00e9es sur la Costa Brava. Ce sont de petites criques prot\u00e9g\u00e9es du vent par la montagne, certaines de sable fin et d\u2019autres de pierres. En \u00e9t\u00e9, il faut y aller t\u00f4t pour prendre place et se garer.<\/p>\n<\/div>\n<\/div>\n<h3>D\u2019autres plages dans la r\u00e9gion<\/h3>\n<div class=\"vc_row wpb_row vc_row-fluid\">\n<div class=\"wpb_column vc_column_container vc_col-sm-12\">\n<div class=\"vc_column-inner \">\n<div class=\"wpb_wrapper\">\n<div class=\"wpb_text_column wpb_content_element \">\n<div class=\"wpb_wrapper\">\n<p>Les autres plages populaires de la Costa Brava \u00e0 ne pas manquer sont: <strong> Castell<\/strong>, la derni\u00e8re plage vierge de la Costa Brava; les criques de Palafrugell (<strong>Calella, Tamariu, Llafranc<\/strong>) ou <strong>Cala Montg\u00f3 <\/strong> sur L\u2019Escala. Chaque plage dans sa forme est sp\u00e9ciale, dites-nous ce que vous aimez!<\/p>\n<\/div>\n<\/div>\n<\/div>\n<\/div>\n<\/div>\n<\/div>\n<p><img loading=\"lazy\" decoding=\"async\" class=\"aligncenter wp-image-16\" src=\"http:\/\/www.inmomaspinell.com\/blog\/wp-content\/uploads\/2018\/03\/tamariu.jpg\" alt=\"Les plages de la Costa Brava - Tamariu\" width=\"970\" height=\"549\" srcset=\"https:\/\/www.inmomaspinell.com\/blog\/wp-content\/uploads\/2018\/03\/tamariu.jpg 1060w, https:\/\/www.inmomaspinell.com\/blog\/wp-content\/uploads\/2018\/03\/tamariu-768x435.jpg 768w\" sizes=\"auto, (max-width: 970px) 100vw, 970px\" \/><\/p>\n<p>Voulez-vous visiter les plages de la Costa Brava? Cliquez sur le bouton ci-dessous et r\u00e9servez avec nous.Que voir sur la Costa Brava<\/p>\n<p style=\"text-align: center;\"><a style=\"background-color: #00948f; text-align: center; -moz-border-radius: 3px; -webkit-border-radius: 3px; border-radius: 3px; display: inline-block; cursor: pointer; color: #ffffff; font-family: Helvetica; font-size: 17px; padding: 7px 7px; text-decoration: none;\" href=\"https:\/\/www.reservasmaspinell.com\/fr\/\">R\u00e9servez votre h\u00e9bergement avec nous<\/a><\/p>\n","protected":false},"excerpt":{"rendered":"<p>Les plages de la Costa Brava sont mondialement connues. Venez passer des vacances inoubliables avec votre famille, votre partenaire ou&#8230;<\/p>\n","protected":false},"author":2,"featured_media":13,"comment_status":"open","ping_status":"open","sticky":false,"template":"","format":"standard","meta":{"footnotes":""},"categories":[20],"tags":[202,33,201,206,203,205,204],"class_list":["post-79","post","type-post","status-publish","format-standard","has-post-thumbnail","hentry","category-information-touristique","tag-catalogne","tag-costa-brava","tag-espagne","tag-mer","tag-plages","tag-soleil","tag-vacances"],"_links":{"self":[{"href":"https:\/\/www.inmomaspinell.com\/blog\/fr\/wp-json\/wp\/v2\/posts\/79","targetHints":{"allow":["GET"]}}],"collection":[{"href":"https:\/\/www.inmomaspinell.com\/blog\/fr\/wp-json\/wp\/v2\/posts"}],"about":[{"href":"https:\/\/www.inmomaspinell.com\/blog\/fr\/wp-json\/wp\/v2\/types\/post"}],"author":[{"embeddable":true,"href":"https:\/\/www.inmomaspinell.com\/blog\/fr\/wp-json\/wp\/v2\/users\/2"}],"replies":[{"embeddable":true,"href":"https:\/\/www.inmomaspinell.com\/blog\/fr\/wp-json\/wp\/v2\/comments?post=79"}],"version-history":[{"count":3,"href":"https:\/\/www.inmomaspinell.com\/blog\/fr\/wp-json\/wp\/v2\/posts\/79\/revisions"}],"predecessor-version":[{"id":750,"href":"https:\/\/www.inmomaspinell.com\/blog\/fr\/wp-json\/wp\/v2\/posts\/79\/revisions\/750"}],"wp:featuredmedia":[{"embeddable":true,"href":"https:\/\/www.inmomaspinell.com\/blog\/fr\/wp-json\/wp\/v2\/media\/13"}],"wp:attachment":[{"href":"https:\/\/www.inmomaspinell.com\/blog\/fr\/wp-json\/wp\/v2\/media?parent=79"}],"wp:term":[{"taxonomy":"category","embeddable":true,"href":"https:\/\/www.inmomaspinell.com\/blog\/fr\/wp-json\/wp\/v2\/categories?post=79"},{"taxonomy":"post_tag","embeddable":true,"href":"https:\/\/www.inmomaspinell.com\/blog\/fr\/wp-json\/wp\/v2\/tags?post=79"}],"curies":[{"name":"wp","href":"https:\/\/api.w.org\/{rel}","templated":true}]}}